{"id":38135,"date":"2025-02-28T19:42:17","date_gmt":"2025-03-01T01:42:17","guid":{"rendered":"https:\/\/labestiapolitica.com.mx\/?p=38135"},"modified":"2025-03-02T22:46:42","modified_gmt":"2025-03-03T04:46:42","slug":"zacatelco-epicentro-de-seguridad-y-desarrollo-comunitario-avances-en-la-construccion-de-la-paz","status":"publish","type":"post","link":"https:\/\/labestiapolitica.com.mx\/?p=38135","title":{"rendered":"Zacatelco, epicentro de seguridad y desarrollo comunitario: avances en la construcci\u00f3n de la paz"},"content":{"rendered":"<p data-start=\"231\" data-end=\"533\"><img loading=\"lazy\" decoding=\"async\" class=\"alignnone size-full wp-image-38137\" src=\"https:\/\/labestiapolitica.com.mx\/wp-content\/uploads\/2025\/02\/zacatelco93.jpg\" alt=\"\" width=\"1000\" height=\"600\" srcset=\"https:\/\/labestiapolitica.com.mx\/wp-content\/uploads\/2025\/02\/zacatelco93.jpg 1000w, https:\/\/labestiapolitica.com.mx\/wp-content\/uploads\/2025\/02\/zacatelco93-300x180.jpg 300w, https:\/\/labestiapolitica.com.mx\/wp-content\/uploads\/2025\/02\/zacatelco93-768x461.jpg 768w\" sizes=\"auto, (max-width: 1000px) 100vw, 1000px\" \/> <img loading=\"lazy\" decoding=\"async\" class=\"alignnone size-full wp-image-38138\" src=\"https:\/\/labestiapolitica.com.mx\/wp-content\/uploads\/2025\/02\/zacatelco1.jpg\" alt=\"\" width=\"1000\" height=\"600\" srcset=\"https:\/\/labestiapolitica.com.mx\/wp-content\/uploads\/2025\/02\/zacatelco1.jpg 1000w, https:\/\/labestiapolitica.com.mx\/wp-content\/uploads\/2025\/02\/zacatelco1-300x180.jpg 300w, https:\/\/labestiapolitica.com.mx\/wp-content\/uploads\/2025\/02\/zacatelco1-768x461.jpg 768w\" sizes=\"auto, (max-width: 1000px) 100vw, 1000px\" \/><\/p>\n<p style=\"text-align: justify;\" data-start=\"231\" data-end=\"533\">Jos\u00e9 Guilermo P\u00e9rez Herrera\/ Zacatelco sigue consolid\u00e1ndose como un referente en seguridad y bienestar ciudadano con la realizaci\u00f3n de la <strong data-start=\"340\" data-end=\"412\">2\u00aa Mesa de Seguridad para la Construcci\u00f3n de la Paz en la Regi\u00f3n III<\/strong>, adem\u00e1s de impulsar diversas estrategias y actividades que fortalecen la participaci\u00f3n ciudadana y la cohesi\u00f3n social.<\/p>\n<h2 style=\"text-align: justify;\" data-start=\"535\" data-end=\"614\"><strong data-start=\"538\" data-end=\"612\">Refuerzo en Seguridad: Coordinaci\u00f3n Interestatal con Puebla y Tlaxcala<\/strong><\/h2>\n<p style=\"text-align: justify;\" data-start=\"616\" data-end=\"940\">El municipio de Zacatelco fue sede de este importante encuentro celebrado en el Parque Ecol\u00f3gico \u201cLos Ladrillos\u201d, donde autoridades municipales y estatales de <strong data-start=\"775\" data-end=\"796\">Puebla y Tlaxcala<\/strong>, junto con la <strong data-start=\"811\" data-end=\"884\">Guardia Nacional (GN) y la Secretar\u00eda de la Defensa Nacional (SEDENA)<\/strong>, reafirmaron su compromiso con la seguridad regional.<\/p>\n<p style=\"text-align: justify;\" data-start=\"942\" data-end=\"1209\">El presidente municipal <strong data-start=\"966\" data-end=\"993\">Jos\u00e9 Miguel Acatzi Luna<\/strong>, anfitri\u00f3n del evento, destac\u00f3 la importancia de esta mesa de trabajo para fortalecer la coordinaci\u00f3n entre los distintos niveles de gobierno y dise\u00f1ar estrategias efectivas para la prevenci\u00f3n y combate al delito.<\/p>\n<blockquote data-start=\"1211\" data-end=\"1458\">\n<p data-start=\"1213\" data-end=\"1458\">\u201cZacatelco es un punto estrat\u00e9gico con conexi\u00f3n a varios municipios del sur de Tlaxcala y su enlace con Puebla. Estas mesas nos permiten fortalecer la coordinaci\u00f3n y profundizar nuestras acciones en materia de seguridad\u201d, enfatiz\u00f3 Acatzi Luna.<\/p>\n<\/blockquote>\n<p style=\"text-align: justify;\" data-start=\"1460\" data-end=\"1781\">En la reuni\u00f3n participaron <strong data-start=\"1487\" data-end=\"1582\">presidentes municipales y directores de seguridad de varios municipios de Tlaxcala y Puebla<\/strong>, adem\u00e1s de representantes de la SEDENA, como el <strong data-start=\"1631\" data-end=\"1666\">Coronel Alfredo Montiel S\u00e1nchez<\/strong>, comandante del 1er Regimiento Mecanizado, y el <strong data-start=\"1715\" data-end=\"1754\">Coronel Miguel \u00c1ngel Garc\u00eda Morales<\/strong>, de la Guardia Nacional.<\/p>\n<h2 style=\"text-align: justify;\" data-start=\"1783\" data-end=\"1826\"><strong data-start=\"1786\" data-end=\"1824\">Inversi\u00f3n en Seguridad y Movilidad<\/strong><\/h2>\n<p style=\"text-align: justify;\" data-start=\"1828\" data-end=\"2185\">Con el firme compromiso de mejorar la seguridad, el gobierno municipal ha reforzado su flota vehicular con <strong data-start=\"1935\" data-end=\"1998\">cuatro camionetas, un veh\u00edculo y cuatro motocicletas nuevas<\/strong>, que ser\u00e1n utilizadas por las fuerzas de seguridad del municipio. Este esfuerzo busca dotar de mejores herramientas a los cuerpos policiacos y garantizar mayor presencia en las calles.<\/p>\n<h2 style=\"text-align: justify;\" data-start=\"2187\" data-end=\"2236\"><strong data-start=\"2190\" data-end=\"2234\">Jornada de Paz y Participaci\u00f3n Ciudadana<\/strong><\/h2>\n<p style=\"text-align: justify;\" data-start=\"2238\" data-end=\"2510\">Adem\u00e1s de fortalecer la seguridad, Zacatelco impulsa la participaci\u00f3n ciudadana y el acceso a informaci\u00f3n a trav\u00e9s de iniciativas como la <strong data-start=\"2376\" data-end=\"2397\">Jornada de la Paz<\/strong>, donde m\u00e1s de <strong data-start=\"2412\" data-end=\"2432\">40 instituciones<\/strong> ofrecieron informaci\u00f3n y servicios desde sus stands en el z\u00f3calo municipal.<\/p>\n<p style=\"text-align: justify;\" data-start=\"2512\" data-end=\"2738\">El alcalde <strong data-start=\"2523\" data-end=\"2550\">Jos\u00e9 Miguel Acatzi Luna<\/strong> recorri\u00f3 cada uno de los m\u00f3dulos, promoviendo la importancia del acceso ciudadano a programas sociales y proyectos de desarrollo impulsados por el gobierno municipal, estatal y federal.<\/p>\n<p style=\"text-align: justify;\" data-start=\"2740\" data-end=\"2944\">Esta iniciativa forma parte de la estrategia de la <strong data-start=\"2791\" data-end=\"2829\">presidenta Claudia Sheinbaum Pardo<\/strong>, que busca acercar las instituciones a la comunidad y fortalecer la colaboraci\u00f3n para la construcci\u00f3n de la paz.<\/p>\n<h2 style=\"text-align: justify;\" data-start=\"2946\" data-end=\"3010\"><strong data-start=\"2949\" data-end=\"3008\">Eventos Culturales y Deportivos para la Cohesi\u00f3n Social<\/strong><\/h2>\n<p style=\"text-align: justify;\" data-start=\"3012\" data-end=\"3366\">Zacatelco tambi\u00e9n ha apostado por actividades recreativas que fomentan la uni\u00f3n y el talento local. Durante la jornada, integrantes del <strong data-start=\"3148\" data-end=\"3199\">Instituto Municipal de Atenci\u00f3n al Adulto Mayor<\/strong> brindaron una emotiva presentaci\u00f3n musical y una coreograf\u00eda de \u201cColor de Esperanza\u201d, resaltando la importancia del arte en la construcci\u00f3n de una comunidad fuerte.<\/p>\n<p style=\"text-align: justify;\" data-start=\"3368\" data-end=\"3550\">Por otro lado, la <strong data-start=\"3386\" data-end=\"3416\">Rodada Ciclista por la Paz<\/strong> reuni\u00f3 a decenas de participantes que recorrieron los paisajes del municipio, promoviendo el deporte y un estilo de vida saludable.<\/p>\n<h2 style=\"text-align: justify;\" data-start=\"3552\" data-end=\"3604\"><strong data-start=\"3555\" data-end=\"3602\">Compromiso Continuo por un Zacatelco Seguro<\/strong><\/h2>\n<p style=\"text-align: justify;\" data-start=\"3606\" data-end=\"3820\">A casi seis meses de gesti\u00f3n, la administraci\u00f3n de <strong data-start=\"3657\" data-end=\"3684\">Jos\u00e9 Miguel Acatzi Luna<\/strong> sigue avanzando con acciones concretas para fortalecer la seguridad, la participaci\u00f3n ciudadana y la calidad de vida en el municipio.<\/p>\n<p style=\"text-align: justify;\" data-start=\"3822\" data-end=\"4072\">Con estrategias de seguridad, inversi\u00f3n en infraestructura y actividades comunitarias, Zacatelco se posiciona como <strong data-start=\"3937\" data-end=\"3999\">pionero en la construcci\u00f3n de la paz y el bienestar social<\/strong>, reafirmando su compromiso con un futuro seguro y pr\u00f3spero para todos.<\/p>\n<p style=\"text-align: justify;\" data-start=\"4074\" data-end=\"4104\" data-is-last-node=\"\" data-is-only-node=\"\">#ZacatelcoFuerteySeguro \ud83d\ude94\ud83d\udcaa\ud83c\udf1f<\/p>\n","protected":false},"excerpt":{"rendered":"<p>Jos\u00e9 Guilermo P\u00e9rez Herrera\/ Zacatelco sigue consolid\u00e1ndose como un referente en seguridad y bienestar ciudadano con la realizaci\u00f3n de la 2\u00aa Mesa de Seguridad para la Construcci\u00f3n de la Paz en la Regi\u00f3n III, adem\u00e1s de impulsar diversas estrategias y actividades que fortalecen la participaci\u00f3n ciudadana y la cohesi\u00f3n social. Refuerzo en Seguridad: Coordinaci\u00f3n Interestatal [&hellip;]<\/p>\n","protected":false},"author":3,"featured_media":38136,"comment_status":"open","ping_status":"open","sticky":false,"template":"","format":"standard","meta":{"footnotes":""},"categories":[12,216,217],"tags":[],"class_list":["post-38135","post","type-post","status-publish","format-standard","has-post-thumbnail","hentry","category-brujula-2026","category-municipios","category-zacatelco"],"amp_enabled":true,"_links":{"self":[{"href":"https:\/\/labestiapolitica.com.mx\/index.php?rest_route=\/wp\/v2\/posts\/38135","targetHints":{"allow":["GET"]}}],"collection":[{"href":"https:\/\/labestiapolitica.com.mx\/index.php?rest_route=\/wp\/v2\/posts"}],"about":[{"href":"https:\/\/labestiapolitica.com.mx\/index.php?rest_route=\/wp\/v2\/types\/post"}],"author":[{"embeddable":true,"href":"https:\/\/labestiapolitica.com.mx\/index.php?rest_route=\/wp\/v2\/users\/3"}],"replies":[{"embeddable":true,"href":"https:\/\/labestiapolitica.com.mx\/index.php?rest_route=%2Fwp%2Fv2%2Fcomments&post=38135"}],"version-history":[{"count":1,"href":"https:\/\/labestiapolitica.com.mx\/index.php?rest_route=\/wp\/v2\/posts\/38135\/revisions"}],"predecessor-version":[{"id":38139,"href":"https:\/\/labestiapolitica.com.mx\/index.php?rest_route=\/wp\/v2\/posts\/38135\/revisions\/38139"}],"wp:featuredmedia":[{"embeddable":true,"href":"https:\/\/labestiapolitica.com.mx\/index.php?rest_route=\/wp\/v2\/media\/38136"}],"wp:attachment":[{"href":"https:\/\/labestiapolitica.com.mx\/index.php?rest_route=%2Fwp%2Fv2%2Fmedia&parent=38135"}],"wp:term":[{"taxonomy":"category","embeddable":true,"href":"https:\/\/labestiapolitica.com.mx\/index.php?rest_route=%2Fwp%2Fv2%2Fcategories&post=38135"},{"taxonomy":"post_tag","embeddable":true,"href":"https:\/\/labestiapolitica.com.mx\/index.php?rest_route=%2Fwp%2Fv2%2Ftags&post=38135"}],"curies":[{"name":"wp","href":"https:\/\/api.w.org\/{rel}","templated":true}]}}