{"id":38154,"date":"2025-02-14T20:49:35","date_gmt":"2025-02-15T02:49:35","guid":{"rendered":"https:\/\/labestiapolitica.com.mx\/?p=38154"},"modified":"2025-02-28T20:50:35","modified_gmt":"2025-03-01T02:50:35","slug":"entrega-sandra-corona-herramientas-para-el-campo-2","status":"publish","type":"post","link":"https:\/\/labestiapolitica.com.mx\/?p=38154","title":{"rendered":"Entrega Sandra Corona herramientas para el Campo"},"content":{"rendered":"<p style=\"text-align: justify;\">Los interesados podr\u00e1n acudir a las instalaciones de la presidencia municipal para una segunda entrega<\/p>\n<p style=\"text-align: justify;\">La presidenta municipal de Zacualpan, Sandra Corona Padilla, entreg\u00f3 apoyos de herramientas a los habitantes del municipio, con el objetivo de fortalecer las actividades del campo y del hogar.<\/p>\n<p style=\"text-align: justify;\">Estos paquetes consisten en herramientas que incluyen una carretilla, dos machetes, una pala, un pico y una desbrozadora, donde el gobierno municipal de Zacualpan aporta un 50 por ciento del costo y los beneficiarios aportan el otro 50 por ciento.<\/p>\n<p style=\"text-align: justify;\">De esta manera, la mun\u00edcipe, resalt\u00f3 que este financiamiento se logr\u00f3 gracias al respaldo de los integrantes de cabildo, con ello respaldar las labores del campo y apoyar a la econom\u00eda de los agricultores y ciudadanos de Zacualpan que se interesaron en este programa.<\/p>\n<p style=\"text-align: justify;\">Esta es la primera entrega de estos paquetes, y los interesados en adquirirlos pueden acercarse a la presidencia municipal para obtener m\u00e1s informaci\u00f3n.<\/p>\n<p style=\"text-align: justify;\">\u201cHoy entregamos paquetes de herramientas a nuestros agricultores, a precios accesibles, con el objetivo de apoyar al campo de nuestro Pueblo de bien y mejorar la econom\u00eda de nuestras familias\u201d.<\/p>\n<p style=\"text-align: justify;\">\u201cQueremos estar cerca de ustedes, brindando lo necesario para seguir adelante\u201d, puntualiz\u00f3.<\/p>\n<p><img loading=\"lazy\" decoding=\"async\" class=\"alignnone size-full wp-image-38155\" src=\"https:\/\/labestiapolitica.com.mx\/wp-content\/uploads\/2025\/02\/dej-.jpg\" alt=\"\" width=\"1000\" height=\"600\" srcset=\"https:\/\/labestiapolitica.com.mx\/wp-content\/uploads\/2025\/02\/dej-.jpg 1000w, https:\/\/labestiapolitica.com.mx\/wp-content\/uploads\/2025\/02\/dej--300x180.jpg 300w, https:\/\/labestiapolitica.com.mx\/wp-content\/uploads\/2025\/02\/dej--768x461.jpg 768w\" sizes=\"auto, (max-width: 1000px) 100vw, 1000px\" \/> <img loading=\"lazy\" decoding=\"async\" class=\"alignnone size-full wp-image-38156\" src=\"https:\/\/labestiapolitica.com.mx\/wp-content\/uploads\/2025\/02\/defgtr.jpg\" alt=\"\" width=\"1000\" height=\"600\" srcset=\"https:\/\/labestiapolitica.com.mx\/wp-content\/uploads\/2025\/02\/defgtr.jpg 1000w, https:\/\/labestiapolitica.com.mx\/wp-content\/uploads\/2025\/02\/defgtr-300x180.jpg 300w, https:\/\/labestiapolitica.com.mx\/wp-content\/uploads\/2025\/02\/defgtr-768x461.jpg 768w\" sizes=\"auto, (max-width: 1000px) 100vw, 1000px\" \/> <img loading=\"lazy\" decoding=\"async\" class=\"alignnone size-full wp-image-38157\" src=\"https:\/\/labestiapolitica.com.mx\/wp-content\/uploads\/2025\/02\/ca\u00b4po-.jpg\" alt=\"\" width=\"1000\" height=\"600\" srcset=\"https:\/\/labestiapolitica.com.mx\/wp-content\/uploads\/2025\/02\/ca\u00b4po-.jpg 1000w, https:\/\/labestiapolitica.com.mx\/wp-content\/uploads\/2025\/02\/ca\u00b4po--300x180.jpg 300w, https:\/\/labestiapolitica.com.mx\/wp-content\/uploads\/2025\/02\/ca\u00b4po--768x461.jpg 768w\" sizes=\"auto, (max-width: 1000px) 100vw, 1000px\" \/><\/p>\n","protected":false},"excerpt":{"rendered":"<p>Los interesados podr\u00e1n acudir a las instalaciones de la presidencia municipal para una segunda entrega La presidenta municipal de Zacualpan, Sandra Corona Padilla, entreg\u00f3 apoyos de herramientas a los habitantes del municipio, con el objetivo de fortalecer las actividades del campo y del hogar. Estos paquetes consisten en herramientas que incluyen una carretilla, dos machetes, [&hellip;]<\/p>\n","protected":false},"author":3,"featured_media":38157,"comment_status":"open","ping_status":"open","sticky":false,"template":"","format":"standard","meta":{"footnotes":""},"categories":[12],"tags":[],"class_list":["post-38154","post","type-post","status-publish","format-standard","has-post-thumbnail","hentry","category-brujula-2026"],"amp_enabled":true,"_links":{"self":[{"href":"https:\/\/labestiapolitica.com.mx\/index.php?rest_route=\/wp\/v2\/posts\/38154","targetHints":{"allow":["GET"]}}],"collection":[{"href":"https:\/\/labestiapolitica.com.mx\/index.php?rest_route=\/wp\/v2\/posts"}],"about":[{"href":"https:\/\/labestiapolitica.com.mx\/index.php?rest_route=\/wp\/v2\/types\/post"}],"author":[{"embeddable":true,"href":"https:\/\/labestiapolitica.com.mx\/index.php?rest_route=\/wp\/v2\/users\/3"}],"replies":[{"embeddable":true,"href":"https:\/\/labestiapolitica.com.mx\/index.php?rest_route=%2Fwp%2Fv2%2Fcomments&post=38154"}],"version-history":[{"count":1,"href":"https:\/\/labestiapolitica.com.mx\/index.php?rest_route=\/wp\/v2\/posts\/38154\/revisions"}],"predecessor-version":[{"id":38158,"href":"https:\/\/labestiapolitica.com.mx\/index.php?rest_route=\/wp\/v2\/posts\/38154\/revisions\/38158"}],"wp:featuredmedia":[{"embeddable":true,"href":"https:\/\/labestiapolitica.com.mx\/index.php?rest_route=\/wp\/v2\/media\/38157"}],"wp:attachment":[{"href":"https:\/\/labestiapolitica.com.mx\/index.php?rest_route=%2Fwp%2Fv2%2Fmedia&parent=38154"}],"wp:term":[{"taxonomy":"category","embeddable":true,"href":"https:\/\/labestiapolitica.com.mx\/index.php?rest_route=%2Fwp%2Fv2%2Fcategories&post=38154"},{"taxonomy":"post_tag","embeddable":true,"href":"https:\/\/labestiapolitica.com.mx\/index.php?rest_route=%2Fwp%2Fv2%2Ftags&post=38154"}],"curies":[{"name":"wp","href":"https:\/\/api.w.org\/{rel}","templated":true}]}}