{"id":38204,"date":"2025-03-03T16:57:09","date_gmt":"2025-03-03T22:57:09","guid":{"rendered":"https:\/\/labestiapolitica.com.mx\/?p=38204"},"modified":"2025-03-03T16:57:09","modified_gmt":"2025-03-03T22:57:09","slug":"faena-comunitaria-en-tocatlan-un-llamado-a-la-participacion-ciudadana","status":"publish","type":"post","link":"https:\/\/labestiapolitica.com.mx\/?p=38204","title":{"rendered":"Faena Comunitaria en Tocatl\u00e1n: Un Llamado a la Participaci\u00f3n Ciudadana."},"content":{"rendered":"<div class=\"xdj266r x11i5rnm xat24cr x1mh8g0r x1vvkbs x126k92a\"><\/div>\n<div class=\"x11i5rnm xat24cr x1mh8g0r x1vvkbs xtlvy1s x126k92a\" style=\"text-align: justify;\">\n<div dir=\"auto\">El pasado 1 de marzo de 2025, se llev\u00f3 a cabo una faena en Tocatl\u00e1n con el objetivo de mejorar los espacios p\u00fablicos y fortalecer el sentido de comunidad. Esta actividad, impulsada por la administraci\u00f3n municipal, busca fomentar la colaboraci\u00f3n de todos los ciudadanos para mantener limpio y en buen estado el entorno del municipio.<\/div>\n<\/div>\n<div class=\"x11i5rnm xat24cr x1mh8g0r x1vvkbs xtlvy1s x126k92a\" style=\"text-align: justify;\">\n<div dir=\"auto\">Durante la jornada, se realizaron labores de limpieza, poda de \u00e1rboles, recolecci\u00f3n de basura y mantenimiento de \u00e1reas comunes. Sin embargo, el llamado principal es a que no solo el gobierno local participe en estas acciones, sino que la comunidad en su conjunto se involucre de manera activa y constante.<\/div>\n<\/div>\n<div class=\"x11i5rnm xat24cr x1mh8g0r x1vvkbs xtlvy1s x126k92a\">\n<div dir=\"auto\" style=\"text-align: justify;\">La faena no solo representa un esfuerzo por embellecer el municipio, sino tambi\u00e9n una oportunidad para reforzar la uni\u00f3n entre los habitantes y crear conciencia sobre la importancia del trabajo en equipo para el bienestar de todos. Se espera que futuras actividades cuenten con una mayor asistencia y compromiso ciudadano.<\/div>\n<\/div>\n<div dir=\"auto\"><\/div>\n<div dir=\"auto\"><img loading=\"lazy\" decoding=\"async\" class=\"alignnone size-full wp-image-28405\" src=\"https:\/\/labestiapolitica.com.mx\/wp-content\/uploads\/2024\/06\/U-NOVA-y-se-diferente.png\" alt=\"\" width=\"1000\" height=\"600\" srcset=\"https:\/\/labestiapolitica.com.mx\/wp-content\/uploads\/2024\/06\/U-NOVA-y-se-diferente.png 1000w, https:\/\/labestiapolitica.com.mx\/wp-content\/uploads\/2024\/06\/U-NOVA-y-se-diferente-300x180.png 300w, https:\/\/labestiapolitica.com.mx\/wp-content\/uploads\/2024\/06\/U-NOVA-y-se-diferente-768x461.png 768w\" sizes=\"auto, (max-width: 1000px) 100vw, 1000px\" \/><\/div>\n","protected":false},"excerpt":{"rendered":"<p>El pasado 1 de marzo de 2025, se llev\u00f3 a cabo una faena en Tocatl\u00e1n con el objetivo de mejorar los espacios p\u00fablicos y fortalecer el sentido de comunidad. Esta actividad, impulsada por la administraci\u00f3n municipal, busca fomentar la colaboraci\u00f3n de todos los ciudadanos para mantener limpio y en buen estado el entorno del municipio. [&hellip;]<\/p>\n","protected":false},"author":3,"featured_media":38205,"comment_status":"open","ping_status":"open","sticky":false,"template":"","format":"standard","meta":{"footnotes":""},"categories":[7,216,221],"tags":[],"class_list":["post-38204","post","type-post","status-publish","format-standard","has-post-thumbnail","hentry","category-ciudadanos","category-municipios","category-tocatlan"],"amp_enabled":true,"_links":{"self":[{"href":"https:\/\/labestiapolitica.com.mx\/index.php?rest_route=\/wp\/v2\/posts\/38204","targetHints":{"allow":["GET"]}}],"collection":[{"href":"https:\/\/labestiapolitica.com.mx\/index.php?rest_route=\/wp\/v2\/posts"}],"about":[{"href":"https:\/\/labestiapolitica.com.mx\/index.php?rest_route=\/wp\/v2\/types\/post"}],"author":[{"embeddable":true,"href":"https:\/\/labestiapolitica.com.mx\/index.php?rest_route=\/wp\/v2\/users\/3"}],"replies":[{"embeddable":true,"href":"https:\/\/labestiapolitica.com.mx\/index.php?rest_route=%2Fwp%2Fv2%2Fcomments&post=38204"}],"version-history":[{"count":1,"href":"https:\/\/labestiapolitica.com.mx\/index.php?rest_route=\/wp\/v2\/posts\/38204\/revisions"}],"predecessor-version":[{"id":38206,"href":"https:\/\/labestiapolitica.com.mx\/index.php?rest_route=\/wp\/v2\/posts\/38204\/revisions\/38206"}],"wp:featuredmedia":[{"embeddable":true,"href":"https:\/\/labestiapolitica.com.mx\/index.php?rest_route=\/wp\/v2\/media\/38205"}],"wp:attachment":[{"href":"https:\/\/labestiapolitica.com.mx\/index.php?rest_route=%2Fwp%2Fv2%2Fmedia&parent=38204"}],"wp:term":[{"taxonomy":"category","embeddable":true,"href":"https:\/\/labestiapolitica.com.mx\/index.php?rest_route=%2Fwp%2Fv2%2Fcategories&post=38204"},{"taxonomy":"post_tag","embeddable":true,"href":"https:\/\/labestiapolitica.com.mx\/index.php?rest_route=%2Fwp%2Fv2%2Ftags&post=38204"}],"curies":[{"name":"wp","href":"https:\/\/api.w.org\/{rel}","templated":true}]}}