{"id":38221,"date":"2025-03-03T17:30:13","date_gmt":"2025-03-03T23:30:13","guid":{"rendered":"https:\/\/labestiapolitica.com.mx\/?p=38221"},"modified":"2025-03-03T17:30:13","modified_gmt":"2025-03-03T23:30:13","slug":"ofrece-idet-capacitacion-a-entrenadores-que-asistan-a-nacionales-conade-2025","status":"publish","type":"post","link":"https:\/\/labestiapolitica.com.mx\/?p=38221","title":{"rendered":"Ofrece IDET capacitaci\u00f3n a entrenadores que asistan a Nacionales CONADE 2025."},"content":{"rendered":"<ul>\n<li style=\"text-align: justify;\">Su participaci\u00f3n ser\u00e1 fundamental para la mejora del rendimiento deportivo estatal<\/li>\n<\/ul>\n<p style=\"text-align: justify;\">El Gobierno del estado, a trav\u00e9s del instituto del Deporte de Tlaxcala (IDET), invita a las y los entrenadores, as\u00ed como a deportistas, a participar de manera gratuita en la capacitaci\u00f3n estatal 2025 \u201cPlanificaci\u00f3n del Entrenamiento Deportivo\u201d, como requisito fundamental para acreditar su proceso de participaci\u00f3n en los Nacionales CONADE 2025.<\/p>\n<p style=\"text-align: justify;\">Esta capacitaci\u00f3n, que tiene adem\u00e1s el prop\u00f3sito de mejorar el rendimiento deportivo en las justas venideras, nacionales e internacionales, se llevar\u00e1 a cabo en el auditorio del Centro Regional de Alto Rendimiento, con ubicaci\u00f3n en Tetla de la Solidaridad, los d\u00edas 8 y 9 de marzo, de las 09:00 a las 15:00 horas, por lo que la inscripci\u00f3n queda abierta en el siguiente formato de pre registro https:\/\/forms.gle\/YT6PUk9yoyju71VT6, a partir de la publicaci\u00f3n de la convocatoria en las redes sociales oficiales del IDET y medios de comunicaci\u00f3n.<\/p>\n<p style=\"text-align: justify;\">El director del IDET, Daniel Moncayo Cervantes, indic\u00f3 que, a trav\u00e9s de esta capacitaci\u00f3n, se busca que la comunidad deportiva de Tlaxcala contin\u00fae adquiriendo conocimientos y herramientas que permitan el desarrollo del deporte, con miras al alto rendimiento, a fin de mejorar la calidad de los deportistas y lograr que coloquen el nombre de Tlaxcala en alto.<\/p>\n<p style=\"text-align: justify;\">Los interesados en participar deber\u00e1n cubrir los requisitos del llenado del formulario y presentar copias del certificado del \u00faltimo grado de estudios, del documento que acredite su \u00faltima capacitaci\u00f3n, de su identificaci\u00f3n del Instituto Nacional Electoral (INE) y de su Clave Registro \u00danico Poblacional (CURP).<\/p>\n<p style=\"text-align: justify;\">La recepci\u00f3n de documentos ser\u00e1 en el departamento de cultura f\u00edsica y promoci\u00f3n deportiva del IDET, ubicada en Av. Prolongaci\u00f3n Rep\u00fablica de Brasil SN, colonia Actipac, C.P. 90430, Tetla de la Solidaridad, de 9:00 a 15:00 horas, de lunes a viernes. Para cualquier duda o consulta, se pueden comunicar al tel\u00e9fono 241 41 2 08 38 ext. 111.<\/p>\n<p style=\"text-align: justify;\">Las y los participantes podr\u00e1n obtener la validaci\u00f3n de su curso en un documento comprobatorio, siempre y cuando cumplan al 100 por ciento su asistencia ambos d\u00edas. Quienes no presenten su documentaci\u00f3n en tiempo y forma podr\u00e1n quedar excluidos de la convocatoria.<\/p>\n<p style=\"text-align: justify;\">El temario ser\u00e1 50 por ciento te\u00f3rico y 50 por ciento pr\u00e1ctico, dividido en planificaci\u00f3n y programaci\u00f3n del deporte, macro estructura tradicional, modelo por bloques y modelo trif\u00e1sico.<\/p>\n<p style=\"text-align: justify;\">De esta manera, el gobierno del estado, a trav\u00e9s del IDET, trabaja en el fortalecimiento del deporte en el estado.<\/p>\n<p style=\"text-align: justify;\">Para m\u00e1s informaci\u00f3n, se puede conocer la convocatoria en el siguiente enlace https:\/\/tinyurl.com\/yc67dt9e<\/p>\n<p style=\"text-align: justify;\">\n<p><img loading=\"lazy\" decoding=\"async\" class=\"alignnone size-full wp-image-28405\" src=\"https:\/\/labestiapolitica.com.mx\/wp-content\/uploads\/2024\/06\/U-NOVA-y-se-diferente.png\" alt=\"\" width=\"1000\" height=\"600\" srcset=\"https:\/\/labestiapolitica.com.mx\/wp-content\/uploads\/2024\/06\/U-NOVA-y-se-diferente.png 1000w, https:\/\/labestiapolitica.com.mx\/wp-content\/uploads\/2024\/06\/U-NOVA-y-se-diferente-300x180.png 300w, https:\/\/labestiapolitica.com.mx\/wp-content\/uploads\/2024\/06\/U-NOVA-y-se-diferente-768x461.png 768w\" sizes=\"auto, (max-width: 1000px) 100vw, 1000px\" \/><\/p>\n","protected":false},"excerpt":{"rendered":"<p>Su participaci\u00f3n ser\u00e1 fundamental para la mejora del rendimiento deportivo estatal El Gobierno del estado, a trav\u00e9s del instituto del Deporte de Tlaxcala (IDET), invita a las y los entrenadores, as\u00ed como a deportistas, a participar de manera gratuita en la capacitaci\u00f3n estatal 2025 \u201cPlanificaci\u00f3n del Entrenamiento Deportivo\u201d, como requisito fundamental para acreditar su proceso [&hellip;]<\/p>\n","protected":false},"author":3,"featured_media":38222,"comment_status":"open","ping_status":"open","sticky":false,"template":"","format":"standard","meta":{"footnotes":""},"categories":[7,5,236],"tags":[],"class_list":["post-38221","post","type-post","status-publish","format-standard","has-post-thumbnail","hentry","category-ciudadanos","category-deportes","category-gobierno-de-tlaxcala"],"amp_enabled":true,"_links":{"self":[{"href":"https:\/\/labestiapolitica.com.mx\/index.php?rest_route=\/wp\/v2\/posts\/38221","targetHints":{"allow":["GET"]}}],"collection":[{"href":"https:\/\/labestiapolitica.com.mx\/index.php?rest_route=\/wp\/v2\/posts"}],"about":[{"href":"https:\/\/labestiapolitica.com.mx\/index.php?rest_route=\/wp\/v2\/types\/post"}],"author":[{"embeddable":true,"href":"https:\/\/labestiapolitica.com.mx\/index.php?rest_route=\/wp\/v2\/users\/3"}],"replies":[{"embeddable":true,"href":"https:\/\/labestiapolitica.com.mx\/index.php?rest_route=%2Fwp%2Fv2%2Fcomments&post=38221"}],"version-history":[{"count":1,"href":"https:\/\/labestiapolitica.com.mx\/index.php?rest_route=\/wp\/v2\/posts\/38221\/revisions"}],"predecessor-version":[{"id":38223,"href":"https:\/\/labestiapolitica.com.mx\/index.php?rest_route=\/wp\/v2\/posts\/38221\/revisions\/38223"}],"wp:featuredmedia":[{"embeddable":true,"href":"https:\/\/labestiapolitica.com.mx\/index.php?rest_route=\/wp\/v2\/media\/38222"}],"wp:attachment":[{"href":"https:\/\/labestiapolitica.com.mx\/index.php?rest_route=%2Fwp%2Fv2%2Fmedia&parent=38221"}],"wp:term":[{"taxonomy":"category","embeddable":true,"href":"https:\/\/labestiapolitica.com.mx\/index.php?rest_route=%2Fwp%2Fv2%2Fcategories&post=38221"},{"taxonomy":"post_tag","embeddable":true,"href":"https:\/\/labestiapolitica.com.mx\/index.php?rest_route=%2Fwp%2Fv2%2Ftags&post=38221"}],"curies":[{"name":"wp","href":"https:\/\/api.w.org\/{rel}","templated":true}]}}