{"id":38227,"date":"2025-03-03T17:41:43","date_gmt":"2025-03-03T23:41:43","guid":{"rendered":"https:\/\/labestiapolitica.com.mx\/?p=38227"},"modified":"2025-03-03T17:41:43","modified_gmt":"2025-03-03T23:41:43","slug":"zacatelco-inaugura-la-semana-violeta-con-conferencia","status":"publish","type":"post","link":"https:\/\/labestiapolitica.com.mx\/?p=38227","title":{"rendered":"Zacatelco inaugura la \u201cSemana Violeta\u201d con conferencia."},"content":{"rendered":"<p style=\"text-align: justify;\">Con el objetivo de reducir los \u00edndices de violencia hacia las mujeres y fomentar su empoderamiento, el Gobierno Municipal de Zacatelco, encabezado por Jos\u00e9 Miguel Acatzi Luna, ha organizado una semana repleta de actividades en conmemoraci\u00f3n del D\u00eda Internacional de la Mujer.<\/p>\n<p style=\"text-align: justify;\">La inauguraci\u00f3n de esta semana incluy\u00f3 una conferencia dirigida a j\u00f3venes del CECyTe 05, llevada a cabo en el Auditorio Nicanor Serrano. La Licenciada Yuliana Aguila, representante de la Secretar\u00eda de las Mujeres del Estado de Tlaxcala, imparti\u00f3 la charla titulada \u201cEmpoderamiento y Autocuidado\u201d.<\/p>\n<p style=\"text-align: justify;\">Durante la conferencia, se abordaron los desaf\u00edos que enfrentan los j\u00f3venes, especialmente en relaci\u00f3n con decisiones que pueden poner en riesgo su bienestar ante la violencia dom\u00e9stica o laboral. Desde una edad temprana, es fundamental que los j\u00f3venes comprendan el rumbo que desean tomar en sus vidas.<\/p>\n<p style=\"text-align: justify;\">Esta actividad, organizada por el Instituto Municipal de la Mujer (IMMUJER), bajo la direcci\u00f3n de Lilia Portillo, representa una excelente oportunidad para fortalecer la mentalidad de estudiantes a trav\u00e9s de din\u00e1micas enriquecedoras. El IMMUJER se posiciona como el primer recurso para aquellas mujeres que necesiten apoyo o busquen empoderarse.<\/p>\n<p style=\"text-align: justify;\">Asimismo, el presidente Jos\u00e9 Miguel Acatzi Luna anunci\u00f3 que esta es solo el inicio de una serie de actividades orientadas a fortalecer los derechos de las mujeres y erradicar la violencia, estableciendo medidas que garanticen que las voces de las mujeres sean escuchadas y protegidas.<\/p>\n<p style=\"text-align: justify;\">Entre las actividades destacadas se encuentran un foro de mujeres zacatelquenses, clases de defensa personal, un viernes deportivo y una rodada en honor a las mujeres de la comunidad.<\/p>\n<p style=\"text-align: justify;\">El Gobierno Municipal se compromete a establecer l\u00edneas de acci\u00f3n que eliminen la brecha de desigualdad y violencia, con el objetivo de construir un municipio fuerte y seguro para todas las mujeres.<\/p>\n<p>&nbsp;<\/p>\n<p><img loading=\"lazy\" decoding=\"async\" class=\"alignnone size-full wp-image-28405\" src=\"https:\/\/labestiapolitica.com.mx\/wp-content\/uploads\/2024\/06\/U-NOVA-y-se-diferente.png\" alt=\"\" width=\"1000\" height=\"600\" srcset=\"https:\/\/labestiapolitica.com.mx\/wp-content\/uploads\/2024\/06\/U-NOVA-y-se-diferente.png 1000w, https:\/\/labestiapolitica.com.mx\/wp-content\/uploads\/2024\/06\/U-NOVA-y-se-diferente-300x180.png 300w, https:\/\/labestiapolitica.com.mx\/wp-content\/uploads\/2024\/06\/U-NOVA-y-se-diferente-768x461.png 768w\" sizes=\"auto, (max-width: 1000px) 100vw, 1000px\" \/><\/p>\n","protected":false},"excerpt":{"rendered":"<p>Con el objetivo de reducir los \u00edndices de violencia hacia las mujeres y fomentar su empoderamiento, el Gobierno Municipal de Zacatelco, encabezado por Jos\u00e9 Miguel Acatzi Luna, ha organizado una semana repleta de actividades en conmemoraci\u00f3n del D\u00eda Internacional de la Mujer. La inauguraci\u00f3n de esta semana incluy\u00f3 una conferencia dirigida a j\u00f3venes del CECyTe [&hellip;]<\/p>\n","protected":false},"author":3,"featured_media":38228,"comment_status":"open","ping_status":"open","sticky":false,"template":"","format":"standard","meta":{"footnotes":""},"categories":[12,216,217],"tags":[],"class_list":["post-38227","post","type-post","status-publish","format-standard","has-post-thumbnail","hentry","category-brujula-2026","category-municipios","category-zacatelco"],"amp_enabled":true,"_links":{"self":[{"href":"https:\/\/labestiapolitica.com.mx\/index.php?rest_route=\/wp\/v2\/posts\/38227","targetHints":{"allow":["GET"]}}],"collection":[{"href":"https:\/\/labestiapolitica.com.mx\/index.php?rest_route=\/wp\/v2\/posts"}],"about":[{"href":"https:\/\/labestiapolitica.com.mx\/index.php?rest_route=\/wp\/v2\/types\/post"}],"author":[{"embeddable":true,"href":"https:\/\/labestiapolitica.com.mx\/index.php?rest_route=\/wp\/v2\/users\/3"}],"replies":[{"embeddable":true,"href":"https:\/\/labestiapolitica.com.mx\/index.php?rest_route=%2Fwp%2Fv2%2Fcomments&post=38227"}],"version-history":[{"count":1,"href":"https:\/\/labestiapolitica.com.mx\/index.php?rest_route=\/wp\/v2\/posts\/38227\/revisions"}],"predecessor-version":[{"id":38229,"href":"https:\/\/labestiapolitica.com.mx\/index.php?rest_route=\/wp\/v2\/posts\/38227\/revisions\/38229"}],"wp:featuredmedia":[{"embeddable":true,"href":"https:\/\/labestiapolitica.com.mx\/index.php?rest_route=\/wp\/v2\/media\/38228"}],"wp:attachment":[{"href":"https:\/\/labestiapolitica.com.mx\/index.php?rest_route=%2Fwp%2Fv2%2Fmedia&parent=38227"}],"wp:term":[{"taxonomy":"category","embeddable":true,"href":"https:\/\/labestiapolitica.com.mx\/index.php?rest_route=%2Fwp%2Fv2%2Fcategories&post=38227"},{"taxonomy":"post_tag","embeddable":true,"href":"https:\/\/labestiapolitica.com.mx\/index.php?rest_route=%2Fwp%2Fv2%2Ftags&post=38227"}],"curies":[{"name":"wp","href":"https:\/\/api.w.org\/{rel}","templated":true}]}}