{"id":38230,"date":"2025-03-03T17:47:46","date_gmt":"2025-03-03T23:47:46","guid":{"rendered":"https:\/\/labestiapolitica.com.mx\/?p=38230"},"modified":"2025-03-09T14:47:16","modified_gmt":"2025-03-09T20:47:16","slug":"opinion-en-politica-la-imagen-puede-ser-todo","status":"publish","type":"post","link":"https:\/\/labestiapolitica.com.mx\/?p=38230","title":{"rendered":"#Opinion&#8230; En pol\u00edtica, la imagen puede ser todo."},"content":{"rendered":"<p>-Le\u00f3n Espinoza<\/p>\n<p style=\"text-align: justify;\">Un solo instante captado en una fotograf\u00eda o una reuni\u00f3n mal interpretada pueden definir la narrativa p\u00fablica de cualquier actor pol\u00edtico. A veces, la prensa y las redes sociales pueden ser despiadadas, generando una percepci\u00f3n negativa dif\u00edcil de revertir. Sin embargo, en ocasiones, esos mismos ataques pueden convertirse en oportunidades estrat\u00e9gicas para consolidar liderazgos y fortalecer posiciones.<\/p>\n<p style=\"text-align: justify;\">Un claro ejemplo de esto es el caso de la senadora Ana Lilia Rivera, quien fue vinculada, sin pruebas contundentes, a grupos del crimen organizado por una simple fotograf\u00eda. La vor\u00e1gine medi\u00e1tica y la rapidez con la que se propag\u00f3 la noticia evidencian c\u00f3mo una imagen puede ser utilizada para intentar desacreditar a un personaje p\u00fablico. Sin embargo, en este caso, el impacto ha sido incierto: el golpe ha dejado su imagen en el aire, y depender\u00e1 de una estrategia pol\u00edtica bien ejecutada que logre mantenerla firme o, por el contrario, verla disminuir ante el escrutinio p\u00fablico.<\/p>\n<p style=\"text-align: justify;\">Algo similar ocurri\u00f3 con Alfonso S\u00e1nchez, quien fue blanco de cr\u00edticas tras sostener una reuni\u00f3n en la que se vio acompa\u00f1ado por cerca de mil personas y \u00a0que algunos sectores intentaron tergiversar. En lugar de desgastarlo pol\u00edticamente, estos ataques le dieron m\u00e1s notoriedad y reforzaron su imagen como un actor clave dentro del movimiento. Es evidente que cuando hay trabajo, liderazgo y respaldo popular, los intentos de desprestigio pueden volverse un arma de doble filo para quienes los impulsan.<\/p>\n","protected":false},"excerpt":{"rendered":"<p>-Le\u00f3n Espinoza Un solo instante captado en una fotograf\u00eda o una reuni\u00f3n mal interpretada pueden definir la narrativa p\u00fablica de cualquier actor pol\u00edtico. A veces, la prensa y las redes sociales pueden ser despiadadas, generando una percepci\u00f3n negativa dif\u00edcil de revertir. Sin embargo, en ocasiones, esos mismos ataques pueden convertirse en oportunidades estrat\u00e9gicas para consolidar [&hellip;]<\/p>\n","protected":false},"author":3,"featured_media":38231,"comment_status":"open","ping_status":"open","sticky":false,"template":"","format":"standard","meta":{"footnotes":""},"categories":[6],"tags":[],"class_list":["post-38230","post","type-post","status-publish","format-standard","has-post-thumbnail","hentry","category-opinion"],"amp_enabled":true,"_links":{"self":[{"href":"https:\/\/labestiapolitica.com.mx\/index.php?rest_route=\/wp\/v2\/posts\/38230","targetHints":{"allow":["GET"]}}],"collection":[{"href":"https:\/\/labestiapolitica.com.mx\/index.php?rest_route=\/wp\/v2\/posts"}],"about":[{"href":"https:\/\/labestiapolitica.com.mx\/index.php?rest_route=\/wp\/v2\/types\/post"}],"author":[{"embeddable":true,"href":"https:\/\/labestiapolitica.com.mx\/index.php?rest_route=\/wp\/v2\/users\/3"}],"replies":[{"embeddable":true,"href":"https:\/\/labestiapolitica.com.mx\/index.php?rest_route=%2Fwp%2Fv2%2Fcomments&post=38230"}],"version-history":[{"count":3,"href":"https:\/\/labestiapolitica.com.mx\/index.php?rest_route=\/wp\/v2\/posts\/38230\/revisions"}],"predecessor-version":[{"id":38235,"href":"https:\/\/labestiapolitica.com.mx\/index.php?rest_route=\/wp\/v2\/posts\/38230\/revisions\/38235"}],"wp:featuredmedia":[{"embeddable":true,"href":"https:\/\/labestiapolitica.com.mx\/index.php?rest_route=\/wp\/v2\/media\/38231"}],"wp:attachment":[{"href":"https:\/\/labestiapolitica.com.mx\/index.php?rest_route=%2Fwp%2Fv2%2Fmedia&parent=38230"}],"wp:term":[{"taxonomy":"category","embeddable":true,"href":"https:\/\/labestiapolitica.com.mx\/index.php?rest_route=%2Fwp%2Fv2%2Fcategories&post=38230"},{"taxonomy":"post_tag","embeddable":true,"href":"https:\/\/labestiapolitica.com.mx\/index.php?rest_route=%2Fwp%2Fv2%2Ftags&post=38230"}],"curies":[{"name":"wp","href":"https:\/\/api.w.org\/{rel}","templated":true}]}}