{"id":38236,"date":"2025-03-03T18:24:03","date_gmt":"2025-03-04T00:24:03","guid":{"rendered":"https:\/\/labestiapolitica.com.mx\/?p=38236"},"modified":"2025-03-03T18:24:03","modified_gmt":"2025-03-04T00:24:03","slug":"visita-del-dr-federico-acosta-ruiz-peinado-descendiente-de-moctezuma-ii-a-zacatelco","status":"publish","type":"post","link":"https:\/\/labestiapolitica.com.mx\/?p=38236","title":{"rendered":"Visita del Dr. Federico Acosta Ruiz Peinado, descendiente de Moctezuma II, a Zacatelco."},"content":{"rendered":"<p style=\"text-align: justify;\">Con gran afecto, el Presidente Municipal Jos\u00e9 Miguel Acatzi Luna, junto con su cabildo, recibi\u00f3 con honor al Dr. Federico Acosta Ruiz Peinado, descendiente de Moctezuma II, quien tuvo la oportunidad de visitar el municipio de Zacatelco, resaltando la importancia de rescatar la cultura e historia asociadas a este gran emperador azteca.<\/p>\n<p style=\"text-align: justify;\">En su mensaje de bienvenida, el presidente municipal Jos\u00e9 Miguel Acatzi Luna destac\u00f3 la rica historia del municipio y su conexi\u00f3n con el antiguo imperio. \u00abA pesar de que han pasado siglos, seguimos con el inter\u00e9s en nuestro pasado. Resaltar nuestra comunicaci\u00f3n y reconocer nuestros or\u00edgenes es fundamental en nuestra sociedad\u00bb, expres\u00f3.<\/p>\n<p style=\"text-align: justify;\">Durante su visita, el Dr. Acosta Ruiz Peinado tuvo la oportunidad de conocer el Acta de Fundaci\u00f3n de Zacatelco, un momento invaluable que se llev\u00f3 a cabo frente a la placa ubicada en la oficina de presidencia, la cual ha sido restaurada por el presidente Miguel Acatzi, en honor a la historia del municipio sure\u00f1o.<\/p>\n<p style=\"text-align: justify;\">Asimismo, se llev\u00f3 a cabo un recorrido por la Galer\u00eda Domingo Arenas, guiado por el Cronista Municipal Guillermo Luna Tecante, quien comparti\u00f3 un relato hist\u00f3rico significativo que resalt\u00f3 la vida de Domingo y Cirilo Arenas, en conmemoraci\u00f3n del 105 aniversario de su fallecimiento.<\/p>\n<p style=\"text-align: justify;\">Como complemento a la visita, el Dr. Acosta Ruiz Peinado pudo apreciar una valiosa colecci\u00f3n de registros del municipio, que incluy\u00f3 una exposici\u00f3n de fotograf\u00edas gestionada por la regidora de educaci\u00f3n, Ma. Gabriela Coca Nava.<\/p>\n<p style=\"text-align: justify;\">Finalmente, el Dr. Federico ofreci\u00f3 una interesante charla a los alumnos de la Escuela Sim\u00f3n Bol\u00edvar, donde habl\u00f3 sobre su ascendencia y linaje, creando un espacio de di\u00e1logo sobre la historia de la cultura azteca.<\/p>\n<p style=\"text-align: justify;\">De manera muy respetuosa, Miguel Acatzi Luna le entreg\u00f3 un reconocimiento especial por su distinguida visita al municipio y se inaugur\u00f3 un archivo de visitantes distinguidos, agradeciendo al Dr. Acosta Ruiz Peinado y reafirmando el compromiso de seguir preservando la historia de Zacatelco.<\/p>\n<p>&nbsp;<\/p>\n<p><img loading=\"lazy\" decoding=\"async\" class=\"alignnone size-full wp-image-28405\" src=\"https:\/\/labestiapolitica.com.mx\/wp-content\/uploads\/2024\/06\/U-NOVA-y-se-diferente.png\" alt=\"\" width=\"1000\" height=\"600\" srcset=\"https:\/\/labestiapolitica.com.mx\/wp-content\/uploads\/2024\/06\/U-NOVA-y-se-diferente.png 1000w, https:\/\/labestiapolitica.com.mx\/wp-content\/uploads\/2024\/06\/U-NOVA-y-se-diferente-300x180.png 300w, https:\/\/labestiapolitica.com.mx\/wp-content\/uploads\/2024\/06\/U-NOVA-y-se-diferente-768x461.png 768w\" sizes=\"auto, (max-width: 1000px) 100vw, 1000px\" \/><\/p>\n","protected":false},"excerpt":{"rendered":"<p>Con gran afecto, el Presidente Municipal Jos\u00e9 Miguel Acatzi Luna, junto con su cabildo, recibi\u00f3 con honor al Dr. Federico Acosta Ruiz Peinado, descendiente de Moctezuma II, quien tuvo la oportunidad de visitar el municipio de Zacatelco, resaltando la importancia de rescatar la cultura e historia asociadas a este gran emperador azteca. En su mensaje [&hellip;]<\/p>\n","protected":false},"author":3,"featured_media":38237,"comment_status":"open","ping_status":"open","sticky":false,"template":"","format":"standard","meta":{"footnotes":""},"categories":[7,216,217],"tags":[],"class_list":["post-38236","post","type-post","status-publish","format-standard","has-post-thumbnail","hentry","category-ciudadanos","category-municipios","category-zacatelco"],"amp_enabled":true,"_links":{"self":[{"href":"https:\/\/labestiapolitica.com.mx\/index.php?rest_route=\/wp\/v2\/posts\/38236","targetHints":{"allow":["GET"]}}],"collection":[{"href":"https:\/\/labestiapolitica.com.mx\/index.php?rest_route=\/wp\/v2\/posts"}],"about":[{"href":"https:\/\/labestiapolitica.com.mx\/index.php?rest_route=\/wp\/v2\/types\/post"}],"author":[{"embeddable":true,"href":"https:\/\/labestiapolitica.com.mx\/index.php?rest_route=\/wp\/v2\/users\/3"}],"replies":[{"embeddable":true,"href":"https:\/\/labestiapolitica.com.mx\/index.php?rest_route=%2Fwp%2Fv2%2Fcomments&post=38236"}],"version-history":[{"count":1,"href":"https:\/\/labestiapolitica.com.mx\/index.php?rest_route=\/wp\/v2\/posts\/38236\/revisions"}],"predecessor-version":[{"id":38238,"href":"https:\/\/labestiapolitica.com.mx\/index.php?rest_route=\/wp\/v2\/posts\/38236\/revisions\/38238"}],"wp:featuredmedia":[{"embeddable":true,"href":"https:\/\/labestiapolitica.com.mx\/index.php?rest_route=\/wp\/v2\/media\/38237"}],"wp:attachment":[{"href":"https:\/\/labestiapolitica.com.mx\/index.php?rest_route=%2Fwp%2Fv2%2Fmedia&parent=38236"}],"wp:term":[{"taxonomy":"category","embeddable":true,"href":"https:\/\/labestiapolitica.com.mx\/index.php?rest_route=%2Fwp%2Fv2%2Fcategories&post=38236"},{"taxonomy":"post_tag","embeddable":true,"href":"https:\/\/labestiapolitica.com.mx\/index.php?rest_route=%2Fwp%2Fv2%2Ftags&post=38236"}],"curies":[{"name":"wp","href":"https:\/\/api.w.org\/{rel}","templated":true}]}}