{"id":38249,"date":"2025-03-03T19:43:34","date_gmt":"2025-03-04T01:43:34","guid":{"rendered":"https:\/\/labestiapolitica.com.mx\/?p=38249"},"modified":"2025-03-09T14:46:43","modified_gmt":"2025-03-09T20:46:43","slug":"zacatelco-refuerza-su-seguridad-con-nuevas-patrullas","status":"publish","type":"post","link":"https:\/\/labestiapolitica.com.mx\/?p=38249","title":{"rendered":"#Zacatelco refuerza su seguridad con nuevas patrullas"},"content":{"rendered":"<p data-pm-slice=\"1 1 []\"><strong>Gobierno municipal adquiere unidades para recuperar la paz y tranquilidad<\/strong><\/p>\n<p>El Gobierno Municipal de Zacatelco, en su gesti\u00f3n 2024-2027, ha fortalecido la seguridad p\u00fablica con la adquisici\u00f3n de nuevas unidades de patrullaje, incluyendo cinco camionetas RAM, un veh\u00edculo FIAT y cuatro motocicletas. Esta iniciativa busca reforzar la vigilancia en toda la comuna, a tan solo seis meses del inicio de la administraci\u00f3n.<\/p>\n<p>Durante un evento sin precedentes, que cont\u00f3 con la presencia de autoridades municipales, estatales y federales, el presidente municipal Jos\u00e9 Miguel Acatzi Luna realiz\u00f3 la entrega simb\u00f3lica de diez unidades a la Direcci\u00f3n de Seguridad P\u00fablica y Vialidad Municipal. Con esta acci\u00f3n, se reafirma el compromiso del gobierno local para recuperar la tranquilidad de las familias zacatelquenses.<\/p>\n<p>Este acto significativo se llev\u00f3 a cabo en el marco de la \u00abJornada por la Paz\u00bb, una iniciativa impulsada por el Gobierno Federal, liderado por la presidenta Claudia Sheinbaum Pardo. En el evento, se destac\u00f3 la importancia de complementar la seguridad con proyectos culturales y deportivos, as\u00ed como con la provisi\u00f3n de servicios gubernamentales a trav\u00e9s de stands informativos.<\/p>\n<p>\u201cConocemos el desaf\u00edo que enfrentamos. La seguridad no es un tema para politizarse. Estamos comprometidos con la paz y con devolver la tranquilidad a nuestra gente. Por ello, hemos realizado esta inversi\u00f3n para reforzar la seguridad p\u00fablica\u201d, expres\u00f3 el presidente municipal Miguel Acatzi.<\/p>\n<p>Acompa\u00f1ado por el Dr. Maximino Hern\u00e1ndez Pulido, secretario ejecutivo del Sistema Estatal de Seguridad P\u00fablica, Acatzi Luna entreg\u00f3 cinco camionetas RAM, un veh\u00edculo FIAT y cuatro motocicletas, con una inversi\u00f3n total de 3.6 millones de pesos, incrementando el patrimonio vehicular del municipio.<\/p>\n<p>Asimismo, el director de Seguridad de Zacatelco, Valent\u00edn Hern\u00e1ndez Minor, recibi\u00f3 simb\u00f3licamente las llaves de las nuevas unidades, destacando el impacto positivo que tendr\u00e1n en el refuerzo de la seguridad local. \u201cLa inseguridad ha aumentado no solo en el municipio, sino tambi\u00e9n en el estado y en el pa\u00eds. Por ello, es crucial que nos fortalezcamos, nos capacitemos y estemos preparados para cualquier situaci\u00f3n. Con este nuevo equipo, podremos avanzar de manera continua\u201d, destac\u00f3 Hern\u00e1ndez Minor.<\/p>\n<p>Durante la ceremonia, el presidente municipal Jos\u00e9 Miguel Acatzi estuvo acompa\u00f1ado por presidentes de comunidad y regidores, quienes avalaron el esfuerzo coordinado para garantizar la seguridad en Zacatelco.<\/p>\n<p>Con esta acci\u00f3n, el gobierno municipal reafirma su compromiso de construir un Zacatelco fuerte y seguro, traduciendo su voluntad en hechos concretos para beneficio de la ciudadan\u00eda.<\/p>\n","protected":false},"excerpt":{"rendered":"<p>Gobierno municipal adquiere unidades para recuperar la paz y tranquilidad El Gobierno Municipal de Zacatelco, en su gesti\u00f3n 2024-2027, ha fortalecido la seguridad p\u00fablica con la adquisici\u00f3n de nuevas unidades de patrullaje, incluyendo cinco camionetas RAM, un veh\u00edculo FIAT y cuatro motocicletas. Esta iniciativa busca reforzar la vigilancia en toda la comuna, a tan solo [&hellip;]<\/p>\n","protected":false},"author":3,"featured_media":38250,"comment_status":"open","ping_status":"open","sticky":false,"template":"","format":"standard","meta":{"footnotes":""},"categories":[12,216,217],"tags":[],"class_list":["post-38249","post","type-post","status-publish","format-standard","has-post-thumbnail","hentry","category-brujula-2026","category-municipios","category-zacatelco"],"amp_enabled":true,"_links":{"self":[{"href":"https:\/\/labestiapolitica.com.mx\/index.php?rest_route=\/wp\/v2\/posts\/38249","targetHints":{"allow":["GET"]}}],"collection":[{"href":"https:\/\/labestiapolitica.com.mx\/index.php?rest_route=\/wp\/v2\/posts"}],"about":[{"href":"https:\/\/labestiapolitica.com.mx\/index.php?rest_route=\/wp\/v2\/types\/post"}],"author":[{"embeddable":true,"href":"https:\/\/labestiapolitica.com.mx\/index.php?rest_route=\/wp\/v2\/users\/3"}],"replies":[{"embeddable":true,"href":"https:\/\/labestiapolitica.com.mx\/index.php?rest_route=%2Fwp%2Fv2%2Fcomments&post=38249"}],"version-history":[{"count":1,"href":"https:\/\/labestiapolitica.com.mx\/index.php?rest_route=\/wp\/v2\/posts\/38249\/revisions"}],"predecessor-version":[{"id":38251,"href":"https:\/\/labestiapolitica.com.mx\/index.php?rest_route=\/wp\/v2\/posts\/38249\/revisions\/38251"}],"wp:featuredmedia":[{"embeddable":true,"href":"https:\/\/labestiapolitica.com.mx\/index.php?rest_route=\/wp\/v2\/media\/38250"}],"wp:attachment":[{"href":"https:\/\/labestiapolitica.com.mx\/index.php?rest_route=%2Fwp%2Fv2%2Fmedia&parent=38249"}],"wp:term":[{"taxonomy":"category","embeddable":true,"href":"https:\/\/labestiapolitica.com.mx\/index.php?rest_route=%2Fwp%2Fv2%2Fcategories&post=38249"},{"taxonomy":"post_tag","embeddable":true,"href":"https:\/\/labestiapolitica.com.mx\/index.php?rest_route=%2Fwp%2Fv2%2Ftags&post=38249"}],"curies":[{"name":"wp","href":"https:\/\/api.w.org\/{rel}","templated":true}]}}