{"id":38252,"date":"2025-03-03T19:51:47","date_gmt":"2025-03-04T01:51:47","guid":{"rendered":"https:\/\/labestiapolitica.com.mx\/?p=38252"},"modified":"2025-03-03T19:55:35","modified_gmt":"2025-03-04T01:55:35","slug":"conmemora-sesa-dia-del-condon-para-prevenir-embarazos-no-planeados-y-enfermedades-de-transmision-sexual","status":"publish","type":"post","link":"https:\/\/labestiapolitica.com.mx\/?p=38252","title":{"rendered":"Conmemora #SESA D\u00eda del Cond\u00f3n para Prevenir Embarazos No Planeados y Enfermedades de Transmisi\u00f3n Sexual"},"content":{"rendered":"<p>CONMEMORA SESA DI\u0301A DEL CONDO\u0301N PARA EVITAR EMBARAZOS NO PLANEADOS Y ENFERMEDADES DE TRANSMISIO\u0301N SEXUAL<\/p>\n<p>*Con la finalidad de promover su uso, principalmente entre jo\u0301venes y estudiantes<\/p>\n<p>La Secretari\u0301a de Salud (Sesa) del estado, a trave\u0301s del programa de Salud Sexual y Reproductiva, realizo\u0301 la clausura de las actividades que se realizaron en Tlaxcala en conmemoracio\u0301n del Di\u0301a del Condo\u0301n, con la finalidad de promover la prevencio\u0301n de embarazos no planeados, asi\u0301 como infecciones de transmisio\u0301n sexual, entre la poblacio\u0301n.<\/p>\n<p>Durante el evento que se realizo\u0301 en el patio central del Centro de Bachillerato Tecnolo\u0301gico Industrial y de Servicios (Cbtis) nu\u0301mero 153 del municipio de San Pablo del Monte, se concluyeron las 60 acciones masivas como: el carnaval del condo\u0301n, el cine flotante: conductas sexuales de riesgo; perio\u0301dicos murales, grafiti y pinta de barda en comunidades.<\/p>\n<p>Tambie\u0301n la difusio\u0301n del Chat \u00bfCo\u0301mo le hago?: pla\u0301ticas, videos y demostraciones del uso correcto del condo\u0301n; y el concurso de TikTok de colocacio\u0301n correcta del condo\u0301n en todas las unidades de atencio\u0301n primaria a la salud, IMSS-Bienestar, asi\u0301 como de los institutos Mexicano del Seguro Social (IMSS) y de Seguridad y Servicios Sociales de los Trabajadores del Estado (ISSSTE).<\/p>\n<p>A estas actividades se suman las de las instituciones participantes del grupo estatal para la prevencio\u0301n del embrazo adolescente, y las acciones de prevencio\u0301n en el subsistemas de Educacio\u0301n Media Superior y en las comunidades de los municipios de Coaxomulco, San Pablo del Monte, Huamantla, Apizaco y Tlaxcala.<\/p>\n<p>En este marco, se premio\u0301 a los ganadores del concurso de video corto para fomentar el uso del condo\u0301n entre jo\u0301venes y estudiantes del estado, siendo Jorge Antonio Galicia, Zoe\u0301 Cero\u0301n Huerta y Julio Antonio Tecuapacho, quienes obtuvieron el primer, segundo y tercer lugar, ganando una bicicleta cada uno.<\/p>\n<p>En el an\u0303o 2012, la Fundacio\u0301n para el Cuidado del SIDA (AIDS Healthcare Foundation-AHF) establecio\u0301 el 13 de febrero como el Di\u0301a Internacional del Condo\u0301n, con el propo\u0301sito de promover su uso entre la poblacio\u0301n como un me\u0301todo de doble proteccio\u0301n, y la Sesa concluyo\u0301 las acciones que se realizaron en el mes de febrero para promover el uso de este me\u0301todo anticonceptivo<\/p>\n","protected":false},"excerpt":{"rendered":"<p>CONMEMORA SESA DI\u0301A DEL CONDO\u0301N PARA EVITAR EMBARAZOS NO PLANEADOS Y ENFERMEDADES DE TRANSMISIO\u0301N SEXUAL *Con la finalidad de promover su uso, principalmente entre jo\u0301venes y estudiantes La Secretari\u0301a de Salud (Sesa) del estado, a trave\u0301s del programa de Salud Sexual y Reproductiva, realizo\u0301 la clausura de las actividades que se realizaron en Tlaxcala en [&hellip;]<\/p>\n","protected":false},"author":3,"featured_media":38253,"comment_status":"open","ping_status":"open","sticky":false,"template":"","format":"standard","meta":{"footnotes":""},"categories":[12,4,236],"tags":[],"class_list":["post-38252","post","type-post","status-publish","format-standard","has-post-thumbnail","hentry","category-brujula-2026","category-destacadas","category-gobierno-de-tlaxcala"],"amp_enabled":true,"_links":{"self":[{"href":"https:\/\/labestiapolitica.com.mx\/index.php?rest_route=\/wp\/v2\/posts\/38252","targetHints":{"allow":["GET"]}}],"collection":[{"href":"https:\/\/labestiapolitica.com.mx\/index.php?rest_route=\/wp\/v2\/posts"}],"about":[{"href":"https:\/\/labestiapolitica.com.mx\/index.php?rest_route=\/wp\/v2\/types\/post"}],"author":[{"embeddable":true,"href":"https:\/\/labestiapolitica.com.mx\/index.php?rest_route=\/wp\/v2\/users\/3"}],"replies":[{"embeddable":true,"href":"https:\/\/labestiapolitica.com.mx\/index.php?rest_route=%2Fwp%2Fv2%2Fcomments&post=38252"}],"version-history":[{"count":1,"href":"https:\/\/labestiapolitica.com.mx\/index.php?rest_route=\/wp\/v2\/posts\/38252\/revisions"}],"predecessor-version":[{"id":38254,"href":"https:\/\/labestiapolitica.com.mx\/index.php?rest_route=\/wp\/v2\/posts\/38252\/revisions\/38254"}],"wp:featuredmedia":[{"embeddable":true,"href":"https:\/\/labestiapolitica.com.mx\/index.php?rest_route=\/wp\/v2\/media\/38253"}],"wp:attachment":[{"href":"https:\/\/labestiapolitica.com.mx\/index.php?rest_route=%2Fwp%2Fv2%2Fmedia&parent=38252"}],"wp:term":[{"taxonomy":"category","embeddable":true,"href":"https:\/\/labestiapolitica.com.mx\/index.php?rest_route=%2Fwp%2Fv2%2Fcategories&post=38252"},{"taxonomy":"post_tag","embeddable":true,"href":"https:\/\/labestiapolitica.com.mx\/index.php?rest_route=%2Fwp%2Fv2%2Ftags&post=38252"}],"curies":[{"name":"wp","href":"https:\/\/api.w.org\/{rel}","templated":true}]}}