{"id":38259,"date":"2025-03-03T21:03:18","date_gmt":"2025-03-04T03:03:18","guid":{"rendered":"https:\/\/labestiapolitica.com.mx\/?p=38259"},"modified":"2025-03-09T14:46:14","modified_gmt":"2025-03-09T20:46:14","slug":"se-lucen-camadas-en-carnaval-chiautempan-2025","status":"publish","type":"post","link":"https:\/\/labestiapolitica.com.mx\/?p=38259","title":{"rendered":"Se lucen camadas en Carnaval Chiautempan 2025"},"content":{"rendered":"<p style=\"text-align: justify;\">Este lunes y martes se lleva a cabo extraordinario concurso de camadas<\/p>\n<p style=\"text-align: justify;\">Con gran alegr\u00eda, colorido y presencia ciudadana arranc\u00f3 el Concurso de Camadas de Chiautempan 2025. La presidenta municipal, Blanca Angulo Meneses junto al comit\u00e9 de carnaval encabezado por Jos\u00e9 Mois\u00e9s Morales del Razo, llev\u00f3 a cabo el corte de list\u00f3n inaugural de este magno evento.<\/p>\n<p style=\"text-align: justify;\">En esta edici\u00f3n participan 19 camadas del municipio demostrando el entusiasmo y la riqueza cultural de las comparsas que dan vida a nuestro bello Chiautempan.<\/p>\n<p style=\"text-align: justify;\">Durante su discurso, la presidenta municipal, Blanca Angulo, expres\u00f3, \u00abNos esforzamos para que estas tradiciones vivan d\u00eda a d\u00eda, a\u00f1o con a\u00f1o, y cada vez que tengamos la oportunidad de exponer al mundo lo esplendorosas que son. Representan nuestro arte, nuestra cultura tlaxcalteca y la uni\u00f3n chiautempense. Por ello, nuestra administraci\u00f3n lleva como eslogan \u2018Identidad que transforma\u2019, porque sin perder el origen de quienes somos, seguimos avanzando y ofreciendo mejores escenarios a las nuevas generaciones.\u00bb<\/p>\n<p style=\"text-align: justify;\">En tanto, Mois\u00e9s Morales exalt\u00f3 la relevancia carnavalesca de Chiautempan y sin dudarlo afirm\u00f3 que en esta tierra existe una de las mejores fiestas carnestolendas.<\/p>\n<p style=\"text-align: justify;\">En esta gran inauguraci\u00f3n tambi\u00e9n estuvieron presentes el secretario del Ayuntamiento, el s\u00edndico municipal y los integrantes del cabildo.<\/p>\n<p><img loading=\"lazy\" decoding=\"async\" class=\"alignnone size-full wp-image-38261\" src=\"https:\/\/labestiapolitica.com.mx\/wp-content\/uploads\/2025\/03\/sarape2.jpg\" alt=\"\" width=\"1000\" height=\"600\" srcset=\"https:\/\/labestiapolitica.com.mx\/wp-content\/uploads\/2025\/03\/sarape2.jpg 1000w, https:\/\/labestiapolitica.com.mx\/wp-content\/uploads\/2025\/03\/sarape2-300x180.jpg 300w, https:\/\/labestiapolitica.com.mx\/wp-content\/uploads\/2025\/03\/sarape2-768x461.jpg 768w\" sizes=\"auto, (max-width: 1000px) 100vw, 1000px\" \/><\/p>\n","protected":false},"excerpt":{"rendered":"<p>Este lunes y martes se lleva a cabo extraordinario concurso de camadas Con gran alegr\u00eda, colorido y presencia ciudadana arranc\u00f3 el Concurso de Camadas de Chiautempan 2025. La presidenta municipal, Blanca Angulo Meneses junto al comit\u00e9 de carnaval encabezado por Jos\u00e9 Mois\u00e9s Morales del Razo, llev\u00f3 a cabo el corte de list\u00f3n inaugural de este [&hellip;]<\/p>\n","protected":false},"author":3,"featured_media":38260,"comment_status":"open","ping_status":"open","sticky":false,"template":"","format":"standard","meta":{"footnotes":""},"categories":[12,215,216],"tags":[],"class_list":["post-38259","post","type-post","status-publish","format-standard","has-post-thumbnail","hentry","category-brujula-2026","category-chiautempan","category-municipios"],"amp_enabled":true,"_links":{"self":[{"href":"https:\/\/labestiapolitica.com.mx\/index.php?rest_route=\/wp\/v2\/posts\/38259","targetHints":{"allow":["GET"]}}],"collection":[{"href":"https:\/\/labestiapolitica.com.mx\/index.php?rest_route=\/wp\/v2\/posts"}],"about":[{"href":"https:\/\/labestiapolitica.com.mx\/index.php?rest_route=\/wp\/v2\/types\/post"}],"author":[{"embeddable":true,"href":"https:\/\/labestiapolitica.com.mx\/index.php?rest_route=\/wp\/v2\/users\/3"}],"replies":[{"embeddable":true,"href":"https:\/\/labestiapolitica.com.mx\/index.php?rest_route=%2Fwp%2Fv2%2Fcomments&post=38259"}],"version-history":[{"count":1,"href":"https:\/\/labestiapolitica.com.mx\/index.php?rest_route=\/wp\/v2\/posts\/38259\/revisions"}],"predecessor-version":[{"id":38262,"href":"https:\/\/labestiapolitica.com.mx\/index.php?rest_route=\/wp\/v2\/posts\/38259\/revisions\/38262"}],"wp:featuredmedia":[{"embeddable":true,"href":"https:\/\/labestiapolitica.com.mx\/index.php?rest_route=\/wp\/v2\/media\/38260"}],"wp:attachment":[{"href":"https:\/\/labestiapolitica.com.mx\/index.php?rest_route=%2Fwp%2Fv2%2Fmedia&parent=38259"}],"wp:term":[{"taxonomy":"category","embeddable":true,"href":"https:\/\/labestiapolitica.com.mx\/index.php?rest_route=%2Fwp%2Fv2%2Fcategories&post=38259"},{"taxonomy":"post_tag","embeddable":true,"href":"https:\/\/labestiapolitica.com.mx\/index.php?rest_route=%2Fwp%2Fv2%2Ftags&post=38259"}],"curies":[{"name":"wp","href":"https:\/\/api.w.org\/{rel}","templated":true}]}}