{"id":38321,"date":"2025-02-28T09:24:38","date_gmt":"2025-02-28T15:24:38","guid":{"rendered":"https:\/\/labestiapolitica.com.mx\/?p=38321"},"modified":"2025-03-05T09:27:41","modified_gmt":"2025-03-05T15:27:41","slug":"inaugura-javier-rivera-bonilla-la-feria-de-apizaco-2025","status":"publish","type":"post","link":"https:\/\/labestiapolitica.com.mx\/?p=38321","title":{"rendered":"INAUGURA JAVIER RIVERA BONILLA LA FERIA DE APIZACO 2025"},"content":{"rendered":"<p style=\"text-align: justify;\">En compa\u00f1\u00eda de autoridades municipales, estatales y federales, el presidente de Apizaco, Javier Rivera Bonilla inaugur\u00f3 la Feria de Apizaco 2025, que se llevar\u00e1 a cabo en el Emilio S\u00e1nchez Piedras del 28 de febrero al 16 de marzo.<br \/>\nEn su mensaje, el alcalde Rivera Bonilla destac\u00f3 que los juegos infantiles ser\u00e1n totalmente gratis, de las 10 de la ma\u00f1ana a la 1 de la tarde, as\u00ed como la gran mayor\u00eda de espect\u00e1culos para todas y todos los apizaquenses.<br \/>\n\u201cEstoy muy contento de inaugurar la Feria de Apizaco 2025, un evento especial hecho con todo el coraz\u00f3n para todas las familias apizaquenses. La feria refleja la grandeza, tradici\u00f3n y alegr\u00eda de nuestro municipio. M\u00e1s que una celebraci\u00f3n, es un s\u00edmbolo de identidad y un punto de encuentro para nuestras familias, amigos y<br \/>\nvisitantes\u201d.<br \/>\nRivera Bonilla puntualiz\u00f3 que la feria estar\u00e1 llena de sorpresas con espect\u00e1culos de primer nivel, y actividades para todas las edades. \u201cHemos trabajado con dedicaci\u00f3n para que cada uno de ustedes puedan disfrutar de grandes momentos y crear recuerdos inolvidables\u201d.<\/p>\n<p><img loading=\"lazy\" decoding=\"async\" class=\"alignnone size-full wp-image-38323\" src=\"https:\/\/labestiapolitica.com.mx\/wp-content\/uploads\/2025\/03\/feria-1-1.jpg\" alt=\"\" width=\"1000\" height=\"600\" srcset=\"https:\/\/labestiapolitica.com.mx\/wp-content\/uploads\/2025\/03\/feria-1-1.jpg 1000w, https:\/\/labestiapolitica.com.mx\/wp-content\/uploads\/2025\/03\/feria-1-1-300x180.jpg 300w, https:\/\/labestiapolitica.com.mx\/wp-content\/uploads\/2025\/03\/feria-1-1-768x461.jpg 768w\" sizes=\"auto, (max-width: 1000px) 100vw, 1000px\" \/><\/p>\n","protected":false},"excerpt":{"rendered":"<p>En compa\u00f1\u00eda de autoridades municipales, estatales y federales, el presidente de Apizaco, Javier Rivera Bonilla inaugur\u00f3 la Feria de Apizaco 2025, que se llevar\u00e1 a cabo en el Emilio S\u00e1nchez Piedras del 28 de febrero al 16 de marzo. En su mensaje, el alcalde Rivera Bonilla destac\u00f3 que los juegos infantiles ser\u00e1n totalmente gratis, de [&hellip;]<\/p>\n","protected":false},"author":3,"featured_media":38322,"comment_status":"open","ping_status":"open","sticky":false,"template":"","format":"standard","meta":{"footnotes":""},"categories":[226,12,216],"tags":[],"class_list":["post-38321","post","type-post","status-publish","format-standard","has-post-thumbnail","hentry","category-apizaco","category-brujula-2026","category-municipios"],"amp_enabled":true,"_links":{"self":[{"href":"https:\/\/labestiapolitica.com.mx\/index.php?rest_route=\/wp\/v2\/posts\/38321","targetHints":{"allow":["GET"]}}],"collection":[{"href":"https:\/\/labestiapolitica.com.mx\/index.php?rest_route=\/wp\/v2\/posts"}],"about":[{"href":"https:\/\/labestiapolitica.com.mx\/index.php?rest_route=\/wp\/v2\/types\/post"}],"author":[{"embeddable":true,"href":"https:\/\/labestiapolitica.com.mx\/index.php?rest_route=\/wp\/v2\/users\/3"}],"replies":[{"embeddable":true,"href":"https:\/\/labestiapolitica.com.mx\/index.php?rest_route=%2Fwp%2Fv2%2Fcomments&post=38321"}],"version-history":[{"count":2,"href":"https:\/\/labestiapolitica.com.mx\/index.php?rest_route=\/wp\/v2\/posts\/38321\/revisions"}],"predecessor-version":[{"id":38325,"href":"https:\/\/labestiapolitica.com.mx\/index.php?rest_route=\/wp\/v2\/posts\/38321\/revisions\/38325"}],"wp:featuredmedia":[{"embeddable":true,"href":"https:\/\/labestiapolitica.com.mx\/index.php?rest_route=\/wp\/v2\/media\/38322"}],"wp:attachment":[{"href":"https:\/\/labestiapolitica.com.mx\/index.php?rest_route=%2Fwp%2Fv2%2Fmedia&parent=38321"}],"wp:term":[{"taxonomy":"category","embeddable":true,"href":"https:\/\/labestiapolitica.com.mx\/index.php?rest_route=%2Fwp%2Fv2%2Fcategories&post=38321"},{"taxonomy":"post_tag","embeddable":true,"href":"https:\/\/labestiapolitica.com.mx\/index.php?rest_route=%2Fwp%2Fv2%2Ftags&post=38321"}],"curies":[{"name":"wp","href":"https:\/\/api.w.org\/{rel}","templated":true}]}}