{"id":38344,"date":"2025-03-05T16:08:43","date_gmt":"2025-03-05T22:08:43","guid":{"rendered":"https:\/\/labestiapolitica.com.mx\/?p=38344"},"modified":"2025-03-09T14:45:09","modified_gmt":"2025-03-09T20:45:09","slug":"historico-avance-senado-aprueba-en-comisiones-reforma-constitucional-para-proteger-el-maiz-nativo","status":"publish","type":"post","link":"https:\/\/labestiapolitica.com.mx\/?p=38344","title":{"rendered":"Hist\u00f3rico avance: Senado aprueba en Comisiones reforma constitucional para proteger el ma\u00edz nativo"},"content":{"rendered":"<p style=\"text-align: justify;\" data-pm-slice=\"1 1 []\">Las comisiones unidas de Puntos Constitucionales, Agricultura y Estudios Legislativos Primera del Senado de la Rep\u00fablica aprobaron este martes la reforma a los art\u00edculos 4\u00b0 y 27 de la Constituci\u00f3n Pol\u00edtica federal, con el objetivo de garantizar la conservaci\u00f3n y protecci\u00f3n del ma\u00edz nativo en M\u00e9xico.<\/p>\n<p style=\"text-align: justify;\">La Senadora tlaxcalteca Ana Lilia Rivera Rivera celebr\u00f3 la aprobaci\u00f3n de esta reforma, calific\u00e1ndola como una \u00abdeclaraci\u00f3n de independencia agr\u00edcola, cultural y biol\u00f3gica\u00bb. Destac\u00f3 que este logro representa una victoria para los integrantes de la Campa\u00f1a Nacional \u00abSin Ma\u00edz no hay Pa\u00eds\u00bb, as\u00ed como para campesinos, ind\u00edgenas, cient\u00edficos, proveedores de tortilla y masa, y peque\u00f1os y medianos productores que han luchado por m\u00e1s de 30 a\u00f1os en favor de esta causa.<\/p>\n<p style=\"text-align: justify;\"><strong>\u00abHoy es un d\u00eda hist\u00f3rico. Nuestro ma\u00edz nativo no est\u00e1 en venta ni en negociaci\u00f3n dentro de ning\u00fan tratado de libre comercio. Grandes empresas lo codiciaron, pero no lo permitimos. Por eso, fuimos a una controversia internacional que result\u00f3 en la prohibici\u00f3n de la siembra de ma\u00edz transg\u00e9nico en M\u00e9xico, protegiendo as\u00ed una biodiversidad de 10 mil a\u00f1os\u00bb,<\/strong> enfatiz\u00f3 la legisladora por Tlaxcala.<\/p>\n<p style=\"text-align: justify;\">La reforma aprobada establece que el cultivo de ma\u00edz en territorio nacional debe estar libre de modificaciones gen\u00e9ticas producidas mediante t\u00e9cnicas que superen las barreras naturales de la reproducci\u00f3n o la recombinaci\u00f3n, como las transg\u00e9nicas. Adem\u00e1s, cualquier otro uso de ma\u00edz gen\u00e9ticamente modificado ser\u00e1 evaluado conforme a las disposiciones legales vigentes para evitar riesgos a la bioseguridad, la salud y el patrimonio biocultural del pa\u00eds.<\/p>\n<p style=\"text-align: justify;\">Asimismo, se priorizar\u00e1 la protecci\u00f3n de la biodiversidad, la soberan\u00eda alimentaria y el manejo agroecol\u00f3gico del ma\u00edz, promoviendo la investigaci\u00f3n cient\u00edfica, la innovaci\u00f3n y la preservaci\u00f3n de los conocimientos tradicionales.<\/p>\n<p style=\"text-align: justify;\"><strong>\u00abEl ma\u00edz no s\u00f3lo es nuestra ra\u00edz cultural, sino que es nuestra sangre, nuestra cosmovisi\u00f3n y nuestra historia. Defenderlo es defender nuestra identidad. Si no reconocemos que somos hijos del ma\u00edz, tendr\u00edamos que aceptar que somos hijos de la falta de memoria\u00bb,<\/strong> subray\u00f3 Rivera Rivera.<\/p>\n<p style=\"text-align: justify;\">La minuta fue respaldada con nueve votos a favor y dos en contra en la Comisi\u00f3n de Puntos Constitucionales; nueve votos a favor, dos en contra y una abstenci\u00f3n en la Comisi\u00f3n de Agricultura; y nueve votos a favor en la Comisi\u00f3n de Estudios Legislativos Primera. Ahora, la iniciativa ser\u00e1 turnada al Pleno del Senado para su discusi\u00f3n y eventual aprobaci\u00f3n definitiva.<\/p>\n<p style=\"text-align: justify;\">\n","protected":false},"excerpt":{"rendered":"<p>Las comisiones unidas de Puntos Constitucionales, Agricultura y Estudios Legislativos Primera del Senado de la Rep\u00fablica aprobaron este martes la reforma a los art\u00edculos 4\u00b0 y 27 de la Constituci\u00f3n Pol\u00edtica federal, con el objetivo de garantizar la conservaci\u00f3n y protecci\u00f3n del ma\u00edz nativo en M\u00e9xico. La Senadora tlaxcalteca Ana Lilia Rivera Rivera celebr\u00f3 la [&hellip;]<\/p>\n","protected":false},"author":3,"featured_media":38350,"comment_status":"open","ping_status":"open","sticky":false,"template":"","format":"standard","meta":{"footnotes":""},"categories":[12],"tags":[],"class_list":["post-38344","post","type-post","status-publish","format-standard","has-post-thumbnail","hentry","category-brujula-2026"],"amp_enabled":true,"_links":{"self":[{"href":"https:\/\/labestiapolitica.com.mx\/index.php?rest_route=\/wp\/v2\/posts\/38344","targetHints":{"allow":["GET"]}}],"collection":[{"href":"https:\/\/labestiapolitica.com.mx\/index.php?rest_route=\/wp\/v2\/posts"}],"about":[{"href":"https:\/\/labestiapolitica.com.mx\/index.php?rest_route=\/wp\/v2\/types\/post"}],"author":[{"embeddable":true,"href":"https:\/\/labestiapolitica.com.mx\/index.php?rest_route=\/wp\/v2\/users\/3"}],"replies":[{"embeddable":true,"href":"https:\/\/labestiapolitica.com.mx\/index.php?rest_route=%2Fwp%2Fv2%2Fcomments&post=38344"}],"version-history":[{"count":1,"href":"https:\/\/labestiapolitica.com.mx\/index.php?rest_route=\/wp\/v2\/posts\/38344\/revisions"}],"predecessor-version":[{"id":38351,"href":"https:\/\/labestiapolitica.com.mx\/index.php?rest_route=\/wp\/v2\/posts\/38344\/revisions\/38351"}],"wp:featuredmedia":[{"embeddable":true,"href":"https:\/\/labestiapolitica.com.mx\/index.php?rest_route=\/wp\/v2\/media\/38350"}],"wp:attachment":[{"href":"https:\/\/labestiapolitica.com.mx\/index.php?rest_route=%2Fwp%2Fv2%2Fmedia&parent=38344"}],"wp:term":[{"taxonomy":"category","embeddable":true,"href":"https:\/\/labestiapolitica.com.mx\/index.php?rest_route=%2Fwp%2Fv2%2Fcategories&post=38344"},{"taxonomy":"post_tag","embeddable":true,"href":"https:\/\/labestiapolitica.com.mx\/index.php?rest_route=%2Fwp%2Fv2%2Ftags&post=38344"}],"curies":[{"name":"wp","href":"https:\/\/api.w.org\/{rel}","templated":true}]}}