{"id":38357,"date":"2025-03-05T16:14:33","date_gmt":"2025-03-05T22:14:33","guid":{"rendered":"https:\/\/labestiapolitica.com.mx\/?p=38357"},"modified":"2025-03-09T14:44:26","modified_gmt":"2025-03-09T20:44:26","slug":"%f0%9f%93%a2-viernes-de-mueganos-en-huamantla-musica-cultura-y-gastronomia-%f0%9f%8e%b6%f0%9f%8d%aa%f0%9f%8e%ad","status":"publish","type":"post","link":"https:\/\/labestiapolitica.com.mx\/?p=38357","title":{"rendered":"\ud83d\udce2 \u00abViernes de Mu\u00e9ganos\u00bb en Huamantla: M\u00fasica, cultura y gastronom\u00eda \ud83c\udfb6\ud83c\udf6a\ud83c\udfad"},"content":{"rendered":"<p style=\"text-align: justify;\" data-start=\"83\" data-end=\"281\">Como parte de las tradiciones que distinguen a <strong data-start=\"130\" data-end=\"157\">Huamantla Pueblo M\u00e1gico<\/strong>, este fin de semana inician los <strong data-start=\"190\" data-end=\"215\">\u00abViernes de Mu\u00e9ganos\u00bb<\/strong>, una celebraci\u00f3n que combina <strong data-start=\"245\" data-end=\"278\">m\u00fasica, cultura y gastronom\u00eda<\/strong>.<\/p>\n<p style=\"text-align: justify;\" data-start=\"283\" data-end=\"637\">\ud83d\udd39 <strong data-start=\"286\" data-end=\"310\">\u00abCuaresma Sinf\u00f3nica\u00bb<\/strong> \ud83c\udfbb\ud83c\udfba<br data-start=\"315\" data-end=\"318\" \/>Para engalanar estas actividades, el <strong data-start=\"355\" data-end=\"390\">Gobierno Municipal de Huamantla<\/strong>, a trav\u00e9s de la <strong data-start=\"407\" data-end=\"461\">Direcci\u00f3n de Turismo, Cultura y Desarrollo Taurino<\/strong>, ha gestionado la presentaci\u00f3n de la <strong data-start=\"499\" data-end=\"543\" data-is-only-node=\"\">Orquesta Sinf\u00f3nica Infantil de Huamantla<\/strong> en distintos puntos del municipio durante los pr\u00f3ximos <strong data-start=\"599\" data-end=\"634\">cinco viernes a las 18:00 horas<\/strong>.<\/p>\n<p style=\"text-align: justify;\" data-start=\"639\" data-end=\"1000\">\ud83d\udcc5 <strong data-start=\"642\" data-end=\"683\">Programaci\u00f3n de \u00abCuaresma Sinf\u00f3nica\u00bb:<\/strong><br data-start=\"683\" data-end=\"686\" \/>\ud83d\udccd <strong data-start=\"689\" data-end=\"711\">Viernes 7 de marzo<\/strong> \u2013 Junto al templo de Santa Cruz<br data-start=\"743\" data-end=\"746\" \/>\ud83d\udccd <strong data-start=\"749\" data-end=\"772\">Viernes 14 de marzo<\/strong> \u2013 Junto al templo de El Calvario<br data-start=\"805\" data-end=\"808\" \/>\ud83d\udccd <strong data-start=\"811\" data-end=\"834\">Viernes 21 de marzo<\/strong> \u2013 Junto al templo de San Sebasti\u00e1n<br data-start=\"869\" data-end=\"872\" \/>\ud83d\udccd <strong data-start=\"875\" data-end=\"898\">Viernes 28 de marzo<\/strong> \u2013 Junto al templo de San Lucas<br data-start=\"929\" data-end=\"932\" \/>\ud83d\udccd <strong data-start=\"935\" data-end=\"957\">Viernes 4 de abril<\/strong> \u2013 Junto al templo de San Miguel Arc\u00e1ngel<\/p>\n<p style=\"text-align: justify;\" data-start=\"1002\" data-end=\"1308\">\ud83c\udf6a <strong data-start=\"1005\" data-end=\"1058\">Los mu\u00e9ganos huamantlecos: Un legado gastron\u00f3mico<\/strong><br data-start=\"1058\" data-end=\"1061\" \/>Durante estas jornadas, visitantes nacionales y extranjeros podr\u00e1n disfrutar de los tradicionales <strong data-start=\"1159\" data-end=\"1184\">mu\u00e9ganos huamantlecos<\/strong>, un dulce t\u00edpico con m\u00e1s de <strong data-start=\"1213\" data-end=\"1237\">125 a\u00f1os de historia<\/strong>, elaborado con harina de trigo, manteca de cerdo, an\u00eds y piloncillo.<\/p>\n<p style=\"text-align: justify;\" data-start=\"1310\" data-end=\"1439\">\ud83d\udcdc En reconocimiento a su importancia, el <strong data-start=\"1352\" data-end=\"1436\">Congreso local lo declar\u00f3 en 2020 Patrimonio Cultural y Gastron\u00f3mico de Tlaxcala<\/strong>.<\/p>\n<p style=\"text-align: justify;\" data-start=\"1441\" data-end=\"1572\">\ud83d\udee4\ufe0f <strong data-start=\"1445\" data-end=\"1570\">Se invita a la poblaci\u00f3n y turistas a ser parte de esta celebraci\u00f3n que enaltece la identidad y tradiciones de Huamantla.<\/strong><\/p>\n<p style=\"text-align: justify;\" data-start=\"1574\" data-end=\"1696\">#PorAmorAHuamantla #Huamantla #Cuaresma #ViernesDeMuegano #Cultura #Turismo<br data-start=\"1649\" data-end=\"1652\" \/>#LaBestiaPoliticaHuamantla<br data-start=\"1678\" data-end=\"1681\" \/>@ChavaSantosC<\/p>\n","protected":false},"excerpt":{"rendered":"<p>Como parte de las tradiciones que distinguen a Huamantla Pueblo M\u00e1gico, este fin de semana inician los \u00abViernes de Mu\u00e9ganos\u00bb, una celebraci\u00f3n que combina m\u00fasica, cultura y gastronom\u00eda. \ud83d\udd39 \u00abCuaresma Sinf\u00f3nica\u00bb \ud83c\udfbb\ud83c\udfbaPara engalanar estas actividades, el Gobierno Municipal de Huamantla, a trav\u00e9s de la Direcci\u00f3n de Turismo, Cultura y Desarrollo Taurino, ha gestionado la presentaci\u00f3n [&hellip;]<\/p>\n","protected":false},"author":3,"featured_media":38359,"comment_status":"open","ping_status":"open","sticky":false,"template":"","format":"standard","meta":{"footnotes":""},"categories":[12,216],"tags":[],"class_list":["post-38357","post","type-post","status-publish","format-standard","has-post-thumbnail","hentry","category-brujula-2026","category-municipios"],"amp_enabled":true,"_links":{"self":[{"href":"https:\/\/labestiapolitica.com.mx\/index.php?rest_route=\/wp\/v2\/posts\/38357","targetHints":{"allow":["GET"]}}],"collection":[{"href":"https:\/\/labestiapolitica.com.mx\/index.php?rest_route=\/wp\/v2\/posts"}],"about":[{"href":"https:\/\/labestiapolitica.com.mx\/index.php?rest_route=\/wp\/v2\/types\/post"}],"author":[{"embeddable":true,"href":"https:\/\/labestiapolitica.com.mx\/index.php?rest_route=\/wp\/v2\/users\/3"}],"replies":[{"embeddable":true,"href":"https:\/\/labestiapolitica.com.mx\/index.php?rest_route=%2Fwp%2Fv2%2Fcomments&post=38357"}],"version-history":[{"count":1,"href":"https:\/\/labestiapolitica.com.mx\/index.php?rest_route=\/wp\/v2\/posts\/38357\/revisions"}],"predecessor-version":[{"id":38360,"href":"https:\/\/labestiapolitica.com.mx\/index.php?rest_route=\/wp\/v2\/posts\/38357\/revisions\/38360"}],"wp:featuredmedia":[{"embeddable":true,"href":"https:\/\/labestiapolitica.com.mx\/index.php?rest_route=\/wp\/v2\/media\/38359"}],"wp:attachment":[{"href":"https:\/\/labestiapolitica.com.mx\/index.php?rest_route=%2Fwp%2Fv2%2Fmedia&parent=38357"}],"wp:term":[{"taxonomy":"category","embeddable":true,"href":"https:\/\/labestiapolitica.com.mx\/index.php?rest_route=%2Fwp%2Fv2%2Fcategories&post=38357"},{"taxonomy":"post_tag","embeddable":true,"href":"https:\/\/labestiapolitica.com.mx\/index.php?rest_route=%2Fwp%2Fv2%2Ftags&post=38357"}],"curies":[{"name":"wp","href":"https:\/\/api.w.org\/{rel}","templated":true}]}}