{"id":38361,"date":"2025-03-05T18:11:10","date_gmt":"2025-03-06T00:11:10","guid":{"rendered":"https:\/\/labestiapolitica.com.mx\/?p=38361"},"modified":"2025-03-05T19:15:32","modified_gmt":"2025-03-06T01:15:32","slug":"fortalece-gobierno-de-zacualpan-con-instalacion-del-comite-municipal-de-salud","status":"publish","type":"post","link":"https:\/\/labestiapolitica.com.mx\/?p=38361","title":{"rendered":"Fortalece Gobierno de #Zacualpan con instalaci\u00f3n del Comit\u00e9 Municipal de Salud"},"content":{"rendered":"<p>Como parte de su compromiso del gobierno municipal de Zacualpan, que preside Sandra Corona Padilla, se llev\u00f3 a cabo la instalaci\u00f3n del Comit\u00e9 Municipal de Salud, la cual marca el inicio de un proceso crucial para mejorar el bienestar de la poblaci\u00f3n del municipio y permitir\u00e1 elaborar un Diagn\u00f3stico situacional de la salud en el municipio.<\/p>\n<p>En este sentido, la presidenta Sandra Corona, detallo que la instalaci\u00f3n del comit\u00e9 municipal fortalecer\u00e1 la salud p\u00fablica y desarrollar estrategias, actividades y proyectos que promuevan la creaci\u00f3n de entornos saludables para los zacualpenses.<\/p>\n<p>\u00abEste comit\u00e9 tiene un rol fundamental en la identificaci\u00f3n de los problemas y necesidades m\u00e1s urgentes de nuestra poblaci\u00f3n. A trav\u00e9s de este diagn\u00f3stico, podremos crear soluciones que promuevan entornos m\u00e1s saludables y mejoren la calidad de vida de nuestros ciudadanos\u00bb, se\u00f1al\u00f3 Sandra Corona Padilla durante su intervenci\u00f3n.<\/p>\n<p>Sandra Corona, destac\u00f3 la importancia de este comit\u00e9, agradeciendo el apoyo y respaldo de la Direcci\u00f3n de Promoci\u00f3n de la Salud de la Secretar\u00eda de Salud (SeSa), y de su cabildo, as\u00ed como de la regidora de salud, ya que el compromiso de su administraci\u00f3n es de garantizar que la poblaci\u00f3n del municipio tenga acceso a los servicios de salud necesarios.<\/p>\n<p>El diagn\u00f3stico situacional que se elaborar\u00e1 a partir de este comit\u00e9 permitir\u00e1 contar con una visi\u00f3n clara sobre los retos y oportunidades en materia de salud p\u00fablica en Zacualpan. Con ello, se podr\u00e1n implementar medidas que mejoren la calidad de vida de los habitantes, asegurando que todos cuenten con un entorno saludable y acceso a servicios m\u00e9dicos adecuados.<\/p>\n<p>Este esfuerzo resalta la importancia de la colaboraci\u00f3n entre los diferentes niveles de gobierno y la sociedad para mejorar las condiciones de salud en el municipio y avanzar hacia una comunidad m\u00e1s saludable y fortalecida.<\/p>\n","protected":false},"excerpt":{"rendered":"<p>Como parte de su compromiso del gobierno municipal de Zacualpan, que preside Sandra Corona Padilla, se llev\u00f3 a cabo la instalaci\u00f3n del Comit\u00e9 Municipal de Salud, la cual marca el inicio de un proceso crucial para mejorar el bienestar de la poblaci\u00f3n del municipio y permitir\u00e1 elaborar un Diagn\u00f3stico situacional de la salud en el [&hellip;]<\/p>\n","protected":false},"author":3,"featured_media":38362,"comment_status":"open","ping_status":"open","sticky":false,"template":"","format":"standard","meta":{"footnotes":""},"categories":[12,4,216],"tags":[],"class_list":["post-38361","post","type-post","status-publish","format-standard","has-post-thumbnail","hentry","category-brujula-2026","category-destacadas","category-municipios"],"amp_enabled":true,"_links":{"self":[{"href":"https:\/\/labestiapolitica.com.mx\/index.php?rest_route=\/wp\/v2\/posts\/38361","targetHints":{"allow":["GET"]}}],"collection":[{"href":"https:\/\/labestiapolitica.com.mx\/index.php?rest_route=\/wp\/v2\/posts"}],"about":[{"href":"https:\/\/labestiapolitica.com.mx\/index.php?rest_route=\/wp\/v2\/types\/post"}],"author":[{"embeddable":true,"href":"https:\/\/labestiapolitica.com.mx\/index.php?rest_route=\/wp\/v2\/users\/3"}],"replies":[{"embeddable":true,"href":"https:\/\/labestiapolitica.com.mx\/index.php?rest_route=%2Fwp%2Fv2%2Fcomments&post=38361"}],"version-history":[{"count":2,"href":"https:\/\/labestiapolitica.com.mx\/index.php?rest_route=\/wp\/v2\/posts\/38361\/revisions"}],"predecessor-version":[{"id":38364,"href":"https:\/\/labestiapolitica.com.mx\/index.php?rest_route=\/wp\/v2\/posts\/38361\/revisions\/38364"}],"wp:featuredmedia":[{"embeddable":true,"href":"https:\/\/labestiapolitica.com.mx\/index.php?rest_route=\/wp\/v2\/media\/38362"}],"wp:attachment":[{"href":"https:\/\/labestiapolitica.com.mx\/index.php?rest_route=%2Fwp%2Fv2%2Fmedia&parent=38361"}],"wp:term":[{"taxonomy":"category","embeddable":true,"href":"https:\/\/labestiapolitica.com.mx\/index.php?rest_route=%2Fwp%2Fv2%2Fcategories&post=38361"},{"taxonomy":"post_tag","embeddable":true,"href":"https:\/\/labestiapolitica.com.mx\/index.php?rest_route=%2Fwp%2Fv2%2Ftags&post=38361"}],"curies":[{"name":"wp","href":"https:\/\/api.w.org\/{rel}","templated":true}]}}