{"id":38365,"date":"2025-03-05T18:21:42","date_gmt":"2025-03-06T00:21:42","guid":{"rendered":"https:\/\/labestiapolitica.com.mx\/?p=38365"},"modified":"2025-03-05T18:31:43","modified_gmt":"2025-03-06T00:31:43","slug":"38365","status":"publish","type":"post","link":"https:\/\/labestiapolitica.com.mx\/?p=38365","title":{"rendered":"#Tlaxcala Rompe R\u00e9cord en Empleo Formal: 118 Mil 287 Trabajadores Afiliados al #IMSS"},"content":{"rendered":"<p data-pm-slice=\"1 1 []\">Tlaxcala alcanz\u00f3 una cifra hist\u00f3rica en empleo formal con 118 mil 287 trabajadores afiliados al Instituto Mexicano del Seguro Social (IMSS), tras la generaci\u00f3n de 2 mil 146 nuevas fuentes de trabajo en febrero de 2025, inform\u00f3 el titular de la Secretar\u00eda de Trabajo y Competitividad (STyC), Jos\u00e9 No\u00e9 Altamirano Islas.<\/p>\n<p>De acuerdo con el reporte mensual del IMSS, en el primer bimestre del a\u00f1o se registr\u00f3 un saldo positivo de 2 mil 001 plazas adicionales en comparaci\u00f3n con el cierre de 2024, lo que representa un incremento del 1.7 por ciento en el periodo.<\/p>\n<p>El secretario destac\u00f3 que la cifra actual supera el r\u00e9cord previo de abril de 2024, cuando se contabilizaron 118 mil 229 empleos asegurados, consolidando as\u00ed el m\u00e1ximo hist\u00f3rico en Tlaxcala. Adem\u00e1s, el estado se posicion\u00f3 en el sexto lugar a nivel nacional en crecimiento anual de empleo formal, con un avance del 2.5 por ciento, superado solo por Chiapas, Guerrero, Estado de M\u00e9xico, Nuevo Le\u00f3n y Colima.<\/p>\n<p>\u201cTlaxcala tiene 2 mil 847 empleos m\u00e1s en comparaci\u00f3n con los 115 mil 440 registrados en febrero de 2024. Este crecimiento anual del 2.5 por ciento refleja que, a pesar de las condiciones econ\u00f3micas a nivel internacional, el estado mantiene una tendencia positiva en generaci\u00f3n de empleo formal\u201d, enfatiz\u00f3 Altamirano Islas.<\/p>\n<p>Adem\u00e1s, resalt\u00f3 que, mientras a nivel nacional el empleo creci\u00f3 a una tasa anual del 0.6 por ciento, Tlaxcala registr\u00f3 un crecimiento cuatro veces mayor, alcanzando el 2.5 por ciento en los \u00faltimos 12 meses.<\/p>\n<p>Finalmente, el titular de la STyC subray\u00f3 que la dependencia a su cargo impulsa diversas estrategias para fortalecer el empleo formal, como la inspecci\u00f3n laboral en centros de trabajo y encuentros con el sector empresarial para fomentar la incorporaci\u00f3n de los trabajadores al sistema de seguridad social. En este sentido, reiter\u00f3 el compromiso del gobierno de Lorena Cu\u00e9llar Cisneros para que las y los tlaxcaltecas cuenten con empleos dignos y bien remunerados, contribuyendo as\u00ed a la mejora de su calidad de vida.<\/p>\n","protected":false},"excerpt":{"rendered":"<p>Tlaxcala alcanz\u00f3 una cifra hist\u00f3rica en empleo formal con 118 mil 287 trabajadores afiliados al Instituto Mexicano del Seguro Social (IMSS), tras la generaci\u00f3n de 2 mil 146 nuevas fuentes de trabajo en febrero de 2025, inform\u00f3 el titular de la Secretar\u00eda de Trabajo y Competitividad (STyC), Jos\u00e9 No\u00e9 Altamirano Islas. De acuerdo con el [&hellip;]<\/p>\n","protected":false},"author":3,"featured_media":38368,"comment_status":"open","ping_status":"open","sticky":false,"template":"","format":"standard","meta":{"footnotes":""},"categories":[12,236],"tags":[],"class_list":["post-38365","post","type-post","status-publish","format-standard","has-post-thumbnail","hentry","category-brujula-2026","category-gobierno-de-tlaxcala"],"amp_enabled":true,"_links":{"self":[{"href":"https:\/\/labestiapolitica.com.mx\/index.php?rest_route=\/wp\/v2\/posts\/38365","targetHints":{"allow":["GET"]}}],"collection":[{"href":"https:\/\/labestiapolitica.com.mx\/index.php?rest_route=\/wp\/v2\/posts"}],"about":[{"href":"https:\/\/labestiapolitica.com.mx\/index.php?rest_route=\/wp\/v2\/types\/post"}],"author":[{"embeddable":true,"href":"https:\/\/labestiapolitica.com.mx\/index.php?rest_route=\/wp\/v2\/users\/3"}],"replies":[{"embeddable":true,"href":"https:\/\/labestiapolitica.com.mx\/index.php?rest_route=%2Fwp%2Fv2%2Fcomments&post=38365"}],"version-history":[{"count":4,"href":"https:\/\/labestiapolitica.com.mx\/index.php?rest_route=\/wp\/v2\/posts\/38365\/revisions"}],"predecessor-version":[{"id":38371,"href":"https:\/\/labestiapolitica.com.mx\/index.php?rest_route=\/wp\/v2\/posts\/38365\/revisions\/38371"}],"wp:featuredmedia":[{"embeddable":true,"href":"https:\/\/labestiapolitica.com.mx\/index.php?rest_route=\/wp\/v2\/media\/38368"}],"wp:attachment":[{"href":"https:\/\/labestiapolitica.com.mx\/index.php?rest_route=%2Fwp%2Fv2%2Fmedia&parent=38365"}],"wp:term":[{"taxonomy":"category","embeddable":true,"href":"https:\/\/labestiapolitica.com.mx\/index.php?rest_route=%2Fwp%2Fv2%2Fcategories&post=38365"},{"taxonomy":"post_tag","embeddable":true,"href":"https:\/\/labestiapolitica.com.mx\/index.php?rest_route=%2Fwp%2Fv2%2Ftags&post=38365"}],"curies":[{"name":"wp","href":"https:\/\/api.w.org\/{rel}","templated":true}]}}