{"id":38372,"date":"2025-03-05T18:33:11","date_gmt":"2025-03-06T00:33:11","guid":{"rendered":"https:\/\/labestiapolitica.com.mx\/?p=38372"},"modified":"2025-03-05T18:33:11","modified_gmt":"2025-03-06T00:33:11","slug":"immujer-zacatelco-impulsa-la-equidad-con-feria-ludica-en-preparatoria","status":"publish","type":"post","link":"https:\/\/labestiapolitica.com.mx\/?p=38372","title":{"rendered":"#IMMUJER #Zacatelco impulsa la equidad con Feria L\u00fadica en preparatoria"},"content":{"rendered":"<p style=\"text-align: justify;\" data-pm-slice=\"1 1 []\">Con el objetivo de promover la equidad de g\u00e9nero y los derechos sexuales y reproductivos, el Gobierno Municipal de Zacatelco 2024-2027, a trav\u00e9s del Instituto Municipal de la Mujer (IMMUJER), organiz\u00f3 una \u00abFeria L\u00fadica\u00bb en la Preparatoria por Cooperativa Xicoht\u00e9ncatl de Axayacatzin.<\/p>\n<p style=\"text-align: justify;\">El evento cont\u00f3 con la participaci\u00f3n de la Red por los Derechos Sexuales y Reproductivos en M\u00e9xico, que brind\u00f3 informaci\u00f3n sobre m\u00e9todos anticonceptivos y la importancia de una vida sexual responsable. Adem\u00e1s, se realizaron din\u00e1micas y juegos dirigidos a los j\u00f3venes para sensibilizarlos sobre temas como equidad de g\u00e9nero, micromachismos y el papel fundamental de la mujer en diversos sectores.<\/p>\n<p style=\"text-align: justify;\">En representaci\u00f3n de la Mtra. Rosario Texis Zu\u00f1iga, Ariana Lizeth P\u00e9rez Cuatecontzi comparti\u00f3 informaci\u00f3n clave para que los j\u00f3venes conozcan sus derechos y puedan identificar y prevenir situaciones de violencia. Asimismo, la Presidenta Honor\u00edfica del DIF, Natali Chamorro Garz\u00f3n, destac\u00f3 la importancia de estas ferias y reafirm\u00f3 el compromiso del IMMUJER en la creaci\u00f3n de espacios de apoyo para la comunidad estudiantil.<\/p>\n<p style=\"text-align: justify;\">Por su parte, la directora de la preparatoria, Mar\u00eda del Carmen S\u00e1nchez D\u00edaz, agradeci\u00f3 la iniciativa del gobierno municipal y resalt\u00f3 el acercamiento de Lilia Portillo, titular del instituto, para fortalecer la orientaci\u00f3n de los j\u00f3venes en materia de derechos y prevenci\u00f3n de la violencia de g\u00e9nero.<\/p>\n<p style=\"text-align: justify;\">Finalmente, Ariana Lizeth P\u00e9rez Cuatecontzi fue reconocida por su labor en la Red por los Derechos Sexuales y Reproductivos en M\u00e9xico, destac\u00e1ndose su compromiso con la difusi\u00f3n de los derechos reproductivos y la construcci\u00f3n de una sociedad m\u00e1s equitativa y respetuosa.<\/p>\n","protected":false},"excerpt":{"rendered":"<p>Con el objetivo de promover la equidad de g\u00e9nero y los derechos sexuales y reproductivos, el Gobierno Municipal de Zacatelco 2024-2027, a trav\u00e9s del Instituto Municipal de la Mujer (IMMUJER), organiz\u00f3 una \u00abFeria L\u00fadica\u00bb en la Preparatoria por Cooperativa Xicoht\u00e9ncatl de Axayacatzin. El evento cont\u00f3 con la participaci\u00f3n de la Red por los Derechos Sexuales [&hellip;]<\/p>\n","protected":false},"author":3,"featured_media":38373,"comment_status":"open","ping_status":"open","sticky":false,"template":"","format":"standard","meta":{"footnotes":""},"categories":[12,216,217],"tags":[],"class_list":["post-38372","post","type-post","status-publish","format-standard","has-post-thumbnail","hentry","category-brujula-2026","category-municipios","category-zacatelco"],"amp_enabled":true,"_links":{"self":[{"href":"https:\/\/labestiapolitica.com.mx\/index.php?rest_route=\/wp\/v2\/posts\/38372","targetHints":{"allow":["GET"]}}],"collection":[{"href":"https:\/\/labestiapolitica.com.mx\/index.php?rest_route=\/wp\/v2\/posts"}],"about":[{"href":"https:\/\/labestiapolitica.com.mx\/index.php?rest_route=\/wp\/v2\/types\/post"}],"author":[{"embeddable":true,"href":"https:\/\/labestiapolitica.com.mx\/index.php?rest_route=\/wp\/v2\/users\/3"}],"replies":[{"embeddable":true,"href":"https:\/\/labestiapolitica.com.mx\/index.php?rest_route=%2Fwp%2Fv2%2Fcomments&post=38372"}],"version-history":[{"count":1,"href":"https:\/\/labestiapolitica.com.mx\/index.php?rest_route=\/wp\/v2\/posts\/38372\/revisions"}],"predecessor-version":[{"id":38374,"href":"https:\/\/labestiapolitica.com.mx\/index.php?rest_route=\/wp\/v2\/posts\/38372\/revisions\/38374"}],"wp:featuredmedia":[{"embeddable":true,"href":"https:\/\/labestiapolitica.com.mx\/index.php?rest_route=\/wp\/v2\/media\/38373"}],"wp:attachment":[{"href":"https:\/\/labestiapolitica.com.mx\/index.php?rest_route=%2Fwp%2Fv2%2Fmedia&parent=38372"}],"wp:term":[{"taxonomy":"category","embeddable":true,"href":"https:\/\/labestiapolitica.com.mx\/index.php?rest_route=%2Fwp%2Fv2%2Fcategories&post=38372"},{"taxonomy":"post_tag","embeddable":true,"href":"https:\/\/labestiapolitica.com.mx\/index.php?rest_route=%2Fwp%2Fv2%2Ftags&post=38372"}],"curies":[{"name":"wp","href":"https:\/\/api.w.org\/{rel}","templated":true}]}}