{"id":38401,"date":"2025-02-28T19:35:56","date_gmt":"2025-03-01T01:35:56","guid":{"rendered":"https:\/\/labestiapolitica.com.mx\/?p=38401"},"modified":"2025-03-05T19:42:12","modified_gmt":"2025-03-06T01:42:12","slug":"panotla-se-llenara-de-fiesta-y-tradicion-en-el-carnaval-2025","status":"publish","type":"post","link":"https:\/\/labestiapolitica.com.mx\/?p=38401","title":{"rendered":"PANOTLA SE LLENAR\u00c1 DE FIESTA Y TRADICI\u00d3N EN EL CARNAVAL 2025."},"content":{"rendered":"<p style=\"text-align: justify;\">* Del 2 al 22 de marzo se llevar\u00e1 a cabo el Carnaval Panotla 2025<\/p>\n<p style=\"text-align: justify;\">En un ambiente de fiesta y tradici\u00f3n, se llev\u00f3 a cabo la presentaci\u00f3n oficial del Carnaval Panotla 2025, evento que contar\u00e1 con una amplia cartelera de eventos culturales, art\u00edsticos y recreativas para el disfrute de habitantes y visitantes.<\/p>\n<p style=\"text-align: justify;\">El presidente municipal, Idelfonso Carro Rold\u00e1n, encabez\u00f3 la rueda de prensa de la presentaci\u00f3n, destacando la importancia de esta festividad como un s\u00edmbolo de identidad y cultura en el municipio. \u00abEl Carnaval Panotla es una de nuestras tradiciones m\u00e1s queridas. Este a\u00f1o hemos preparado un programa especial que resalta la riqueza de nuestras costumbres y el talento de nuestra gente\u00bb, afirm\u00f3 el edil.<\/p>\n<p style=\"text-align: justify;\">Por su parte, el Director de Cultura y Turismo, Erik Minor Lima realiz\u00f3 la presentaci\u00f3n del programa de actividades que ser\u00e1n del 2 al 22 de marzo. El primer domingo que es 2 de marzo bailaran por las calles del municipio, el 5 de marzo ser\u00e1 la presentaci\u00f3n de lloronas y quema de Huehue Malhumorado a las 17:00 horas, el 9 de marzo continuaran camadas por las calles del municipio, el 16 de marzo se realizar\u00e1 el Desfile del Carnaval y Remate, comenzando a las 13:00 horas y al termin\u00f3 del desfile bailaran en las 16 pistas sobre la Calle Juarez; y finalmente el S\u00e1bado 22 de marzo ser\u00e1 el Gran Baile de Cierre de Carnaval con la participaci\u00f3n de Jorge Dom\u00ednguez, Super lamas y Banda Infernal, comenzando a las 21: 00 horas.<\/p>\n<p style=\"text-align: justify;\">En su intervenci\u00f3n el Director de Seguridad P\u00fablica, C\u00e9sar Moran Flores, inform\u00f3 sobre el operativo de seguridad que se tendr\u00e1 los pr\u00f3ximos d\u00edas en coordinaci\u00f3n con Guardia Nacional, Defensa, Polic\u00eda Estatal y corporaciones de los municipios aleda\u00f1os, brindando apoyo y seguridad a los habitantes y visitantes, con ayuda de la tecnolog\u00eda como c\u00e1maras de videovigilancia.<\/p>\n<p style=\"text-align: justify;\">Al mismo tiempo, el Representante de las Camadas Joel Bonilla G\u00f3mez, agradeci\u00f3 al ayuntamiento de Panotla, principalmente al presidente municipal Idelfonso Carro porque por primera vez se hayan tomado en cuentas las peticiones de los representantes de camadas, \u201cNos sentimos contentos, apoyados y llenos de orgullo porque este carnaval es de todas y todos los panotlenses\u201d.<\/p>\n<p style=\"text-align: justify;\">Tambi\u00e9n tom\u00f3 el uso de la voz, Trinidad Torres Carro, de la Camada San Mart\u00edn, quien dio una explicaci\u00f3n clara sobre la historia, tradici\u00f3n y cultura de lo que se vive en el Carnaval de Panotla.<\/p>\n<p style=\"text-align: justify;\">El Carnaval Panotla 2025 garantiza seguridad y organizaci\u00f3n para que todos disfruten de esta gran fiesta.<\/p>\n<p style=\"text-align: justify;\">Finalmente, el presidente municipal Idelfonso Carro coment\u00f3: \u00abInvitamos a todas las familias a ser parte de esta celebraci\u00f3n, a disfrutar de nuestras tradiciones y a vivir la alegr\u00eda del carnaval con respeto y entusiasmo\u00bb.<\/p>\n<p style=\"text-align: justify;\">Con estas acciones el ayuntamiento de Panotla reafirma su compromiso con la poblaci\u00f3n y se compromete a seguir preservando las tradiciones del municipio por el bien de las y las panotlenses.<\/p>\n<p><img loading=\"lazy\" decoding=\"async\" class=\"alignnone size-full wp-image-38405\" src=\"https:\/\/labestiapolitica.com.mx\/wp-content\/uploads\/2025\/03\/dodes-.jpg\" alt=\"\" width=\"1000\" height=\"600\" srcset=\"https:\/\/labestiapolitica.com.mx\/wp-content\/uploads\/2025\/03\/dodes-.jpg 1000w, https:\/\/labestiapolitica.com.mx\/wp-content\/uploads\/2025\/03\/dodes--300x180.jpg 300w, https:\/\/labestiapolitica.com.mx\/wp-content\/uploads\/2025\/03\/dodes--768x461.jpg 768w\" sizes=\"auto, (max-width: 1000px) 100vw, 1000px\" \/><\/p>\n","protected":false},"excerpt":{"rendered":"<p>* Del 2 al 22 de marzo se llevar\u00e1 a cabo el Carnaval Panotla 2025 En un ambiente de fiesta y tradici\u00f3n, se llev\u00f3 a cabo la presentaci\u00f3n oficial del Carnaval Panotla 2025, evento que contar\u00e1 con una amplia cartelera de eventos culturales, art\u00edsticos y recreativas para el disfrute de habitantes y visitantes. El presidente [&hellip;]<\/p>\n","protected":false},"author":3,"featured_media":38408,"comment_status":"open","ping_status":"open","sticky":false,"template":"","format":"standard","meta":{"footnotes":""},"categories":[12],"tags":[],"class_list":["post-38401","post","type-post","status-publish","format-standard","has-post-thumbnail","hentry","category-brujula-2026"],"amp_enabled":true,"_links":{"self":[{"href":"https:\/\/labestiapolitica.com.mx\/index.php?rest_route=\/wp\/v2\/posts\/38401","targetHints":{"allow":["GET"]}}],"collection":[{"href":"https:\/\/labestiapolitica.com.mx\/index.php?rest_route=\/wp\/v2\/posts"}],"about":[{"href":"https:\/\/labestiapolitica.com.mx\/index.php?rest_route=\/wp\/v2\/types\/post"}],"author":[{"embeddable":true,"href":"https:\/\/labestiapolitica.com.mx\/index.php?rest_route=\/wp\/v2\/users\/3"}],"replies":[{"embeddable":true,"href":"https:\/\/labestiapolitica.com.mx\/index.php?rest_route=%2Fwp%2Fv2%2Fcomments&post=38401"}],"version-history":[{"count":2,"href":"https:\/\/labestiapolitica.com.mx\/index.php?rest_route=\/wp\/v2\/posts\/38401\/revisions"}],"predecessor-version":[{"id":38409,"href":"https:\/\/labestiapolitica.com.mx\/index.php?rest_route=\/wp\/v2\/posts\/38401\/revisions\/38409"}],"wp:featuredmedia":[{"embeddable":true,"href":"https:\/\/labestiapolitica.com.mx\/index.php?rest_route=\/wp\/v2\/media\/38408"}],"wp:attachment":[{"href":"https:\/\/labestiapolitica.com.mx\/index.php?rest_route=%2Fwp%2Fv2%2Fmedia&parent=38401"}],"wp:term":[{"taxonomy":"category","embeddable":true,"href":"https:\/\/labestiapolitica.com.mx\/index.php?rest_route=%2Fwp%2Fv2%2Fcategories&post=38401"},{"taxonomy":"post_tag","embeddable":true,"href":"https:\/\/labestiapolitica.com.mx\/index.php?rest_route=%2Fwp%2Fv2%2Ftags&post=38401"}],"curies":[{"name":"wp","href":"https:\/\/api.w.org\/{rel}","templated":true}]}}