{"id":38449,"date":"2025-02-28T21:33:56","date_gmt":"2025-03-01T03:33:56","guid":{"rendered":"https:\/\/labestiapolitica.com.mx\/?p=38449"},"modified":"2025-03-05T21:34:34","modified_gmt":"2025-03-06T03:34:34","slug":"atiende-ssc-accidente-en-autopista-san-martin-texmelucan-tlaxcala","status":"publish","type":"post","link":"https:\/\/labestiapolitica.com.mx\/?p=38449","title":{"rendered":"ATIENDE SSC ACCIDENTE EN AUTOPISTA SAN MARTIN TEXMELUCAN -TLAXCALA"},"content":{"rendered":"<p style=\"text-align: justify;\">Cinco personas sin vida y dos lesionados el saldo del percance.<\/p>\n<p style=\"text-align: justify;\">La Secretar\u00eda de Seguridad Ciudadana (SSC), a trav\u00e9s de la Direcci\u00f3n de Polic\u00eda Estatal de Caminos y Vialidad, atendi\u00f3 \u2013en coordinaci\u00f3n con otras autoridades de seguridad\u2013 un accidente de tr\u00e1nsito ocurrido la tarde de este 28 de febrero, en el municipio de Ixtacuixtla.<\/p>\n<p style=\"text-align: justify;\">El reporte hecho al Servicio de Emergencias 9-1-1 moviliz\u00f3 a elementos de la Polic\u00eda Estatal y otras corporaciones a la Autopista San Mart\u00edn Texmelucan &#8211; Tlaxcala a la altura de la comunidad de El Porvenir, del municipio de Ixtacuixtla, donde un veh\u00edculo volc\u00f3 sobre la cuneta divisoria, dejando como saldo a dos personas lesionadas y cinco sin vida.<\/p>\n<p style=\"text-align: justify;\">De inmediato, los cuerpos policiales acudieron para realizar el abanderamiento conforme a sus facultades para permitir que agentes de la Guardia Nacional, param\u00e9dicos y bomberos maniobraran para atender a las v\u00edctimas que viajaban en un veh\u00edculo marca Mitsubishi, l\u00ednea Mirage color gris.<\/p>\n<p style=\"text-align: justify;\">M\u00e1s tarde, agentes adscritos a la Fiscal\u00eda General de Justicia del Estado (FGJE), en espec\u00edfico de la Polic\u00eda de Investigaci\u00f3n y del Instituto de Ciencias Forenses, acudieron para ejecutar el levantamiento de los restos mortales; asimismo, personal de emergencias traslad\u00f3 a instituciones m\u00e9dicas a las personas lesionadas, adem\u00e1s de iniciar con las indagatorias para conocer la cronolog\u00eda del percance vial.<\/p>\n<p style=\"text-align: justify;\">La Polic\u00eda Estatal mantuvo de forma efectiva el abanderamiento de la zona hasta las 21:18 horas, cuando la totalidad de corporaciones finalizaron su actuar para as\u00ed liberar la v\u00eda de comunicaci\u00f3n en ambos sentidos.<\/p>\n","protected":false},"excerpt":{"rendered":"<p>Cinco personas sin vida y dos lesionados el saldo del percance. La Secretar\u00eda de Seguridad Ciudadana (SSC), a trav\u00e9s de la Direcci\u00f3n de Polic\u00eda Estatal de Caminos y Vialidad, atendi\u00f3 \u2013en coordinaci\u00f3n con otras autoridades de seguridad\u2013 un accidente de tr\u00e1nsito ocurrido la tarde de este 28 de febrero, en el municipio de Ixtacuixtla. El [&hellip;]<\/p>\n","protected":false},"author":3,"featured_media":38450,"comment_status":"open","ping_status":"open","sticky":false,"template":"","format":"standard","meta":{"footnotes":""},"categories":[12],"tags":[],"class_list":["post-38449","post","type-post","status-publish","format-standard","has-post-thumbnail","hentry","category-brujula-2026"],"amp_enabled":true,"_links":{"self":[{"href":"https:\/\/labestiapolitica.com.mx\/index.php?rest_route=\/wp\/v2\/posts\/38449","targetHints":{"allow":["GET"]}}],"collection":[{"href":"https:\/\/labestiapolitica.com.mx\/index.php?rest_route=\/wp\/v2\/posts"}],"about":[{"href":"https:\/\/labestiapolitica.com.mx\/index.php?rest_route=\/wp\/v2\/types\/post"}],"author":[{"embeddable":true,"href":"https:\/\/labestiapolitica.com.mx\/index.php?rest_route=\/wp\/v2\/users\/3"}],"replies":[{"embeddable":true,"href":"https:\/\/labestiapolitica.com.mx\/index.php?rest_route=%2Fwp%2Fv2%2Fcomments&post=38449"}],"version-history":[{"count":1,"href":"https:\/\/labestiapolitica.com.mx\/index.php?rest_route=\/wp\/v2\/posts\/38449\/revisions"}],"predecessor-version":[{"id":38451,"href":"https:\/\/labestiapolitica.com.mx\/index.php?rest_route=\/wp\/v2\/posts\/38449\/revisions\/38451"}],"wp:featuredmedia":[{"embeddable":true,"href":"https:\/\/labestiapolitica.com.mx\/index.php?rest_route=\/wp\/v2\/media\/38450"}],"wp:attachment":[{"href":"https:\/\/labestiapolitica.com.mx\/index.php?rest_route=%2Fwp%2Fv2%2Fmedia&parent=38449"}],"wp:term":[{"taxonomy":"category","embeddable":true,"href":"https:\/\/labestiapolitica.com.mx\/index.php?rest_route=%2Fwp%2Fv2%2Fcategories&post=38449"},{"taxonomy":"post_tag","embeddable":true,"href":"https:\/\/labestiapolitica.com.mx\/index.php?rest_route=%2Fwp%2Fv2%2Ftags&post=38449"}],"curies":[{"name":"wp","href":"https:\/\/api.w.org\/{rel}","templated":true}]}}