{"id":38462,"date":"2025-02-28T21:46:47","date_gmt":"2025-03-01T03:46:47","guid":{"rendered":"https:\/\/labestiapolitica.com.mx\/?p=38462"},"modified":"2025-03-05T21:47:25","modified_gmt":"2025-03-06T03:47:25","slug":"suman-esfuerzos-gobierno-federal-y-estatal-con-el-programa-reconecta-con-la-paz","status":"publish","type":"post","link":"https:\/\/labestiapolitica.com.mx\/?p=38462","title":{"rendered":"SUMAN ESFUERZOS GOBIERNO FEDERAL Y ESTATAL CON EL PROGRAMA RECONECTA CON LA PAZ"},"content":{"rendered":"<p style=\"text-align: justify;\">*Con este mecanismo se rescata a los j\u00f3venes que hayan cometido delitos menores y se previene la reincidencia delictiva<\/p>\n<p style=\"text-align: justify;\">La gobernadora Lorena Cue\u0301llar Cisneros y la subsecretaria de Prevencio\u0301n de la Secretari\u0301a de Seguridad y Proteccio\u0301n Ciudadana del Gobierno de Me\u0301xico, Esthela Damia\u0301n Peralta, presentaron el programa \u201cReconecta con la Paz\u201d, con el que unira\u0301n esfuerzos para prevenir la reincidencia delictiva y la violencia en el sector juvenil.<\/p>\n<p style=\"text-align: justify;\">La mandataria estatal reconocio\u0301 este programa que ha demostrado que el sistema de justicia puede y debe ser algo ma\u0301s que un ente punitivo y reactivo.<\/p>\n<p style=\"text-align: justify;\">\u201cHoy llega a Tlaxcala el programa Reconecta con la Paz, que se suma a estas acciones para cimentar un camino diferente para nuestros jo\u0301venes. Una ruta que reduce 10 veces la posibilidad de reincidir en conductas delictivas en comparacio\u0301n con aquellos que no han tenido esta oportunidad\u201d.<\/p>\n<p style=\"text-align: justify;\">Cue\u0301llar Cisneros destaco\u0301 que los jo\u0301venes merecen una segunda oportunidad, \u201cuna vi\u0301a para sanar y reconstruir su vida en un marco de respeto, educacio\u0301n y desarrollo personal. Cada joven merece ser abrazado, comprendido y apoyado por su comunidad y su gobierno. Nuestros beneficiarios participara\u0301n en talleres que les ayuden a conocer y gestionar sus emociones, en actividades que fomenten el pensamiento positivo y en iniciativas comunitarias que les permitan sentir que son parte activa de su entorno\u201d<\/p>\n<p style=\"text-align: justify;\">En el patio central de Palacio de Gobierno, la mandataria estatal abundo\u0301 que el programa se alinea a la Estrategia Nacional de Seguridad de la Presidenta de la Repu\u0301blica, la doctora Claudia Sheinbaum Pardo, tiene como objetivo de rescatar a adolescentes y jo\u0301venes delincuentes.<\/p>\n<p style=\"text-align: justify;\">\u201cEn Tlaxcala reafirmamos nuestro compromiso de fortalecer esos lazos que nos unen y demostrar que cuando nos abrazamos como sociedad, cada joven tiene la posibilidad de reencontrarse consigo mismo y con su comunidad. Hagamos de este di\u0301a el inicio de una nueva era, donde cada joven se sienta querido y respaldado, donde cada familia encuentre en e\u0301l la fuerza para transformar el error en aprendizaje y oportunidad, porque cuando reconectamos con La Paz, reconectamos con la vida misma, sigamos juntos haciendo una nueva historia\u201d, recalco\u0301.<\/p>\n<p style=\"text-align: justify;\">Uno de los objetivos de este programa es romper los v\u00ednculos con la violencia y desarrollar actividades para lograr una vida en un ambiente de paz.<\/p>\n<p style=\"text-align: justify;\">La subsecretaria de Prevencio\u0301n de la Secretari\u0301a de Seguridad y Proteccio\u0301n Ciudadana, Esthela Damia\u0301n Peralta, explic\u00f3 que se trata de una estrategia integral de intervenci\u00f3n terciaria para la prevenci\u00f3n de la violencia y el delito.<br \/>\nCon este programa, se detecta a j\u00f3venes de entre 18 y 35 a\u00f1os que tienen conflictos con la ley, que han cometido un delito menor y alcanzan un beneficio de la ley para pasar el proceso en libertad condicionada, en el que el juez determina un proceso de justicia restaurativa, que incluye acciones viables para su reinserci\u00f3n social.<\/p>\n<p style=\"text-align: justify;\">Agreg\u00f3 que \u201cReconecta con la Paz\u201d se compone de cuatro pilares que se complementan en una intervenci\u00f3n integral para atender y acompa\u00f1ar a los j\u00f3venes en la toma de decisiones y flexibilizaci\u00f3n de aprendizajes.<br \/>\nAdem\u00e1s, a cada joven se le realiza un plan individualizado tomando en consideraci\u00f3n el tipo de medida impuesto por el juez y las necesidades espec\u00edficas.<\/p>\n<p style=\"text-align: justify;\">La funcionaria federal realiz\u00f3 una din\u00e1mica como parte de su presentaci\u00f3n en Palacio de Gobierno, donde pidi\u00f3 a algunos asistentes interactuar como supuestos j\u00f3venes infractores, mientras que otros eran los encargados de entablar di\u00e1logo para activar el plan de acci\u00f3n, a fin de que quedar\u00e1 claro el mecanismo de \u201cReconecta con la Paz\u201d.<\/p>\n<p style=\"text-align: justify;\">A su vez, el Secretario de Seguridad Ciudadana, Alberto Marti\u0301n Perea Marrufo, aseguro\u0301 que el programa de Reconecta con la Paz en Tlaxcala contribuira\u0301 significativamente a conseguir la paz no solo en el estado, sino en todo el pai\u0301s, ya que no solo se busca mitigar los efectos de la violencia, sino tambie\u0301n fomentar un cambio positivo en la convivencia social.<\/p>\n<p style=\"text-align: justify;\">\u201cPor primera vez nos reunimos para conocer este programa que emana de la estrategia de seguridad federal, instruida por la Presidenta de la Repu\u0301blica, la doctora Claudia Sheinbaum Pardo, mediante el cual se busca rescatar a los adolescentes y jo\u0301venes delincuentes para romper el vi\u0301nculo con la violencia, asi\u0301 como desarrollar sus habilidades para reinsertarlos a la sociedad con el propo\u0301sito de disminuir los i\u0301ndices de reincidencia delictiva\u201d.<\/p>\n<p style=\"text-align: justify;\">Agrego\u0301 que con este programa se fomenta la participacio\u0301n activa de la poblacio\u0301n en la construccio\u0301n de una sociedad ma\u0301s paci\u0301fica y justa, \u201csiendo prioritario resaltar la importancia de llevar a cabo acciones donde se involucra el trabajo coordinado de las autoridades federales, estatales y municipales y la sociedad civil. A fin de generar espacios de dia\u0301logo, cooperacio\u0301n y entornos ma\u0301s seguros y saludables para la poblacio\u0301n\u201d.<\/p>\n<p style=\"text-align: justify;\">En el evento estuvieron, el secretario de Gobierno, Luis Antonio Rami\u0301rez Herna\u0301ndez; la presidenta del Tribunal Superior de Justicia del Estado (TSJE), Anel Ban\u0303uelos Meneses; la Presidenta de la Mesa Directiva del Congreso local, Reyna Flor Ba\u0301ez Lozano; la Fiscal General de Justicia, Ernestina Carro Rolda\u0301n.<\/p>\n<p style=\"text-align: justify;\">Tambie\u0301n estuvo el secretario Ejecutivo del Sistema Estatal de Seguridad Pu\u0301blica, Maximino Herna\u0301ndez Pulido; el comandante de la 23 zona militar, Marti\u0301n Jaramillo Barrios; magistrados, consejeros, jueces, ministerios pu\u0301blicos, defensores de oficio, asi\u0301 como personal de la Secretari\u0301a de Seguridad Ciudadana, entre otras autoridades<\/p>\n","protected":false},"excerpt":{"rendered":"<p>*Con este mecanismo se rescata a los j\u00f3venes que hayan cometido delitos menores y se previene la reincidencia delictiva La gobernadora Lorena Cue\u0301llar Cisneros y la subsecretaria de Prevencio\u0301n de la Secretari\u0301a de Seguridad y Proteccio\u0301n Ciudadana del Gobierno de Me\u0301xico, Esthela Damia\u0301n Peralta, presentaron el programa \u201cReconecta con la Paz\u201d, con el que unira\u0301n [&hellip;]<\/p>\n","protected":false},"author":3,"featured_media":38463,"comment_status":"open","ping_status":"open","sticky":false,"template":"","format":"standard","meta":{"footnotes":""},"categories":[12],"tags":[],"class_list":["post-38462","post","type-post","status-publish","format-standard","has-post-thumbnail","hentry","category-brujula-2026"],"amp_enabled":true,"_links":{"self":[{"href":"https:\/\/labestiapolitica.com.mx\/index.php?rest_route=\/wp\/v2\/posts\/38462","targetHints":{"allow":["GET"]}}],"collection":[{"href":"https:\/\/labestiapolitica.com.mx\/index.php?rest_route=\/wp\/v2\/posts"}],"about":[{"href":"https:\/\/labestiapolitica.com.mx\/index.php?rest_route=\/wp\/v2\/types\/post"}],"author":[{"embeddable":true,"href":"https:\/\/labestiapolitica.com.mx\/index.php?rest_route=\/wp\/v2\/users\/3"}],"replies":[{"embeddable":true,"href":"https:\/\/labestiapolitica.com.mx\/index.php?rest_route=%2Fwp%2Fv2%2Fcomments&post=38462"}],"version-history":[{"count":1,"href":"https:\/\/labestiapolitica.com.mx\/index.php?rest_route=\/wp\/v2\/posts\/38462\/revisions"}],"predecessor-version":[{"id":38464,"href":"https:\/\/labestiapolitica.com.mx\/index.php?rest_route=\/wp\/v2\/posts\/38462\/revisions\/38464"}],"wp:featuredmedia":[{"embeddable":true,"href":"https:\/\/labestiapolitica.com.mx\/index.php?rest_route=\/wp\/v2\/media\/38463"}],"wp:attachment":[{"href":"https:\/\/labestiapolitica.com.mx\/index.php?rest_route=%2Fwp%2Fv2%2Fmedia&parent=38462"}],"wp:term":[{"taxonomy":"category","embeddable":true,"href":"https:\/\/labestiapolitica.com.mx\/index.php?rest_route=%2Fwp%2Fv2%2Fcategories&post=38462"},{"taxonomy":"post_tag","embeddable":true,"href":"https:\/\/labestiapolitica.com.mx\/index.php?rest_route=%2Fwp%2Fv2%2Ftags&post=38462"}],"curies":[{"name":"wp","href":"https:\/\/api.w.org\/{rel}","templated":true}]}}