{"id":38600,"date":"2025-03-06T19:29:54","date_gmt":"2025-03-07T01:29:54","guid":{"rendered":"https:\/\/labestiapolitica.com.mx\/?p=38600"},"modified":"2025-03-09T14:39:42","modified_gmt":"2025-03-09T20:39:42","slug":"pan-impulsa-liderazgo-femenino-en-tlaxcala-con-el-primer-encuentro-de-mujeres-panistas","status":"publish","type":"post","link":"https:\/\/labestiapolitica.com.mx\/?p=38600","title":{"rendered":"PAN impulsa liderazgo femenino en Tlaxcala con el Primer Encuentro de Mujeres Panistas"},"content":{"rendered":"<p data-start=\"94\" data-end=\"507\">Con el objetivo de fortalecer la participaci\u00f3n de las mujeres en la vida pol\u00edtica y social de Tlaxcala, el Comit\u00e9 Directivo Estatal del Partido Acci\u00f3n Nacional (PAN), encabezado por su presidente \u00c1ngelo Guti\u00e9rrez Hern\u00e1ndez, present\u00f3 el Primer Encuentro de Mujeres Panistas, un foro que busca generar un espacio de di\u00e1logo y reflexi\u00f3n sobre el papel de la mujer en la construcci\u00f3n de una sociedad m\u00e1s equitativa.<\/p>\n<p data-start=\"509\" data-end=\"843\">El evento se llevar\u00e1 a cabo el pr\u00f3ximo 23 de marzo a las 10:00 horas en el Centro de Convenciones de Tlaxcala, donde militantes, simpatizantes y liderazgos femeninos del partido abordar\u00e1n la importancia de la participaci\u00f3n pol\u00edtica de las mujeres en el desarrollo del estado y el pa\u00eds, en el marco del D\u00eda Internacional de la Mujer.<\/p>\n<p data-start=\"845\" data-end=\"1251\">El encuentro contar\u00e1 con dos ponencias magistrales a cargo de reconocidas especialistas en feminismo, g\u00e9nero y sociedad. La primera, titulada <strong data-start=\"987\" data-end=\"1041\">\u00abLa Ciudadan\u00eda, Bien Com\u00fan y el papel de la mujer\u00bb<\/strong>, ser\u00e1 impartida por <strong data-start=\"1062\" data-end=\"1085\">Paulina Amozurrutia<\/strong>, activista social y defensora de los derechos de la infancia y las mujeres en M\u00e9xico, con trayectoria en foros internacionales como la ONU y el Parlamento Europeo.<\/p>\n<p data-start=\"1253\" data-end=\"1533\">La segunda conferencia, <strong data-start=\"1277\" data-end=\"1338\">\u00abLa Causa de la Mujer desde la visi\u00f3n de Acci\u00f3n Nacional\u00bb<\/strong>, estar\u00e1 a cargo de <strong data-start=\"1358\" data-end=\"1385\">Paulina Su\u00e1rez del Real<\/strong>, experta en feminismo y estudios de g\u00e9nero con formaci\u00f3n en instituciones como la Universidad Francisco de Vitoria y la Universidad Panamericana.<\/p>\n<p data-start=\"1535\" data-end=\"1784\" data-is-last-node=\"\" data-is-only-node=\"\">\u00c1ngelo Guti\u00e9rrez subray\u00f3 que este tipo de actividades forman parte del compromiso del PAN para impulsar la capacitaci\u00f3n y el empoderamiento de las mujeres, fomentando su liderazgo en la pol\u00edtica y en la toma de decisiones que impactan a la sociedad.<\/p>\n","protected":false},"excerpt":{"rendered":"<p>Con el objetivo de fortalecer la participaci\u00f3n de las mujeres en la vida pol\u00edtica y social de Tlaxcala, el Comit\u00e9 Directivo Estatal del Partido Acci\u00f3n Nacional (PAN), encabezado por su presidente \u00c1ngelo Guti\u00e9rrez Hern\u00e1ndez, present\u00f3 el Primer Encuentro de Mujeres Panistas, un foro que busca generar un espacio de di\u00e1logo y reflexi\u00f3n sobre el papel [&hellip;]<\/p>\n","protected":false},"author":3,"featured_media":38601,"comment_status":"open","ping_status":"open","sticky":false,"template":"","format":"standard","meta":{"footnotes":""},"categories":[12,7],"tags":[],"class_list":["post-38600","post","type-post","status-publish","format-standard","has-post-thumbnail","hentry","category-brujula-2026","category-ciudadanos"],"amp_enabled":true,"_links":{"self":[{"href":"https:\/\/labestiapolitica.com.mx\/index.php?rest_route=\/wp\/v2\/posts\/38600","targetHints":{"allow":["GET"]}}],"collection":[{"href":"https:\/\/labestiapolitica.com.mx\/index.php?rest_route=\/wp\/v2\/posts"}],"about":[{"href":"https:\/\/labestiapolitica.com.mx\/index.php?rest_route=\/wp\/v2\/types\/post"}],"author":[{"embeddable":true,"href":"https:\/\/labestiapolitica.com.mx\/index.php?rest_route=\/wp\/v2\/users\/3"}],"replies":[{"embeddable":true,"href":"https:\/\/labestiapolitica.com.mx\/index.php?rest_route=%2Fwp%2Fv2%2Fcomments&post=38600"}],"version-history":[{"count":1,"href":"https:\/\/labestiapolitica.com.mx\/index.php?rest_route=\/wp\/v2\/posts\/38600\/revisions"}],"predecessor-version":[{"id":38602,"href":"https:\/\/labestiapolitica.com.mx\/index.php?rest_route=\/wp\/v2\/posts\/38600\/revisions\/38602"}],"wp:featuredmedia":[{"embeddable":true,"href":"https:\/\/labestiapolitica.com.mx\/index.php?rest_route=\/wp\/v2\/media\/38601"}],"wp:attachment":[{"href":"https:\/\/labestiapolitica.com.mx\/index.php?rest_route=%2Fwp%2Fv2%2Fmedia&parent=38600"}],"wp:term":[{"taxonomy":"category","embeddable":true,"href":"https:\/\/labestiapolitica.com.mx\/index.php?rest_route=%2Fwp%2Fv2%2Fcategories&post=38600"},{"taxonomy":"post_tag","embeddable":true,"href":"https:\/\/labestiapolitica.com.mx\/index.php?rest_route=%2Fwp%2Fv2%2Ftags&post=38600"}],"curies":[{"name":"wp","href":"https:\/\/api.w.org\/{rel}","templated":true}]}}