{"id":38621,"date":"2025-03-06T21:52:37","date_gmt":"2025-03-07T03:52:37","guid":{"rendered":"https:\/\/labestiapolitica.com.mx\/?p=38621"},"modified":"2025-03-06T21:52:37","modified_gmt":"2025-03-07T03:52:37","slug":"tlaxcala-reafirma-su-compromiso-con-un-8m-seguro-y-en-libertad-segob","status":"publish","type":"post","link":"https:\/\/labestiapolitica.com.mx\/?p=38621","title":{"rendered":"Tlaxcala reafirma su compromiso con un 8M seguro y en libertad: SEGOB."},"content":{"rendered":"<ul>\n<li style=\"text-align: justify;\">Refuerza gobierno del estado coordinaci\u00f3n con autoridades federales para garantizar el derecho a la protesta pac\u00edfica<\/li>\n<\/ul>\n<p style=\"text-align: justify;\">Con el compromiso de garantizar la libertad de expresi\u00f3n y el respeto a los derechos humanos, el Gobierno del Estado coordina esfuerzos con la administraci\u00f3n federal para el desarrollo de las actividades del 8 de marzo en la entidad.<\/p>\n<p style=\"text-align: justify;\">El secretario de Gobierno, Luis Antonio Ram\u00edrez Hern\u00e1ndez, inform\u00f3 que Tlaxcala acatar\u00e1 en su totalidad, las recomendaciones emitidas por la Secretar\u00eda de Gobernaci\u00f3n (SEGOB), encabezada por Rosa Icela Rodr\u00edguez, para garantizar el derecho a la protesta de las mujeres que participen en la jornada del \u201cD\u00eda Internacional de la Mujer\u201d.<\/p>\n<p style=\"text-align: justify;\">En este sentido, el funcionario estatal asegur\u00f3 que Tlaxcala se suma al llamado del Gobierno de M\u00e9xico y de la presidenta Claudia Sheinbaum Pardo para priorizar el di\u00e1logo y asegurar que las movilizaciones se desarrollen en un entorno seguro y libre.<\/p>\n<p style=\"text-align: justify;\">Como parte de esta estrategia, el estado aplicar\u00e1 el Protocolo para la Atenci\u00f3n y Gesti\u00f3n de la Protesta Pac\u00edfica, un instrumento promovido por la direcci\u00f3n de derechos humanos de la SEGOB que busca reforzar el respeto a las manifestaciones.<\/p>\n<p style=\"text-align: justify;\">El funcionario detall\u00f3 que la implementaci\u00f3n de este protocolo en Tlaxcala ha sido resultado del trabajo conjunto con la Subsecretar\u00eda de Derechos Humanos, Poblaci\u00f3n y Migraci\u00f3n del gobierno federal, con el objetivo de consolidar una estrategia que proteja, promueva y garantice los derechos fundamentales de las mujeres en el estado. Sostuvo que esta acci\u00f3n contribuye al fortalecimiento de la democracia y el bienestar social.<\/p>\n<p style=\"text-align: justify;\">Asimismo, destac\u00f3 que para la gobernadora Lorena Cu\u00e9llar la lucha hist\u00f3rica de las mujeres es una prioridad, por lo que su administraci\u00f3n mantiene un compromiso firme en apoyo de este sector.<\/p>\n<p style=\"text-align: justify;\">Subray\u00f3 que los derechos y avances en materia de igualdad son el resultado de d\u00e9cadas de lucha y conquista por parte de las mujeres. Aunque reconoci\u00f3 que a\u00fan quedan retos por enfrentar, asegur\u00f3 que bajo el liderazgo de la gobernadora, en Tlaxcala se continuar\u00e1 avanzando en acciones concretas para fortalecer la igualdad y la equidad de g\u00e9nero en el estado.<\/p>\n<p style=\"text-align: justify;\">Desde hace varias semanas, diversas dependencias estatales han trabajado en la planificaci\u00f3n de las actividades relacionadas con el 8M, con el prop\u00f3sito de que se desarrollen en un ambiente de paz y respeto. Ram\u00edrez Hern\u00e1ndez subray\u00f3 que el eje primordial de esta estrategia es asegurar que las mujeres puedan expresar su lucha de manera libre y segura, en alineaci\u00f3n con las pol\u00edticas de la presidenta Claudia Sheinbaum.<\/p>\n<p>&nbsp;<\/p>\n<p><img loading=\"lazy\" decoding=\"async\" class=\"alignnone wp-image-28405 size-full\" src=\"https:\/\/labestiapolitica.com.mx\/wp-content\/uploads\/2024\/06\/U-NOVA-y-se-diferente.png\" alt=\"\" width=\"1000\" height=\"600\" srcset=\"https:\/\/labestiapolitica.com.mx\/wp-content\/uploads\/2024\/06\/U-NOVA-y-se-diferente.png 1000w, https:\/\/labestiapolitica.com.mx\/wp-content\/uploads\/2024\/06\/U-NOVA-y-se-diferente-300x180.png 300w, https:\/\/labestiapolitica.com.mx\/wp-content\/uploads\/2024\/06\/U-NOVA-y-se-diferente-768x461.png 768w\" sizes=\"auto, (max-width: 1000px) 100vw, 1000px\" \/><\/p>\n","protected":false},"excerpt":{"rendered":"<p>Refuerza gobierno del estado coordinaci\u00f3n con autoridades federales para garantizar el derecho a la protesta pac\u00edfica Con el compromiso de garantizar la libertad de expresi\u00f3n y el respeto a los derechos humanos, el Gobierno del Estado coordina esfuerzos con la administraci\u00f3n federal para el desarrollo de las actividades del 8 de marzo en la entidad. [&hellip;]<\/p>\n","protected":false},"author":3,"featured_media":32814,"comment_status":"open","ping_status":"open","sticky":false,"template":"","format":"standard","meta":{"footnotes":""},"categories":[7,236],"tags":[],"class_list":["post-38621","post","type-post","status-publish","format-standard","has-post-thumbnail","hentry","category-ciudadanos","category-gobierno-de-tlaxcala"],"amp_enabled":true,"_links":{"self":[{"href":"https:\/\/labestiapolitica.com.mx\/index.php?rest_route=\/wp\/v2\/posts\/38621","targetHints":{"allow":["GET"]}}],"collection":[{"href":"https:\/\/labestiapolitica.com.mx\/index.php?rest_route=\/wp\/v2\/posts"}],"about":[{"href":"https:\/\/labestiapolitica.com.mx\/index.php?rest_route=\/wp\/v2\/types\/post"}],"author":[{"embeddable":true,"href":"https:\/\/labestiapolitica.com.mx\/index.php?rest_route=\/wp\/v2\/users\/3"}],"replies":[{"embeddable":true,"href":"https:\/\/labestiapolitica.com.mx\/index.php?rest_route=%2Fwp%2Fv2%2Fcomments&post=38621"}],"version-history":[{"count":1,"href":"https:\/\/labestiapolitica.com.mx\/index.php?rest_route=\/wp\/v2\/posts\/38621\/revisions"}],"predecessor-version":[{"id":38622,"href":"https:\/\/labestiapolitica.com.mx\/index.php?rest_route=\/wp\/v2\/posts\/38621\/revisions\/38622"}],"wp:featuredmedia":[{"embeddable":true,"href":"https:\/\/labestiapolitica.com.mx\/index.php?rest_route=\/wp\/v2\/media\/32814"}],"wp:attachment":[{"href":"https:\/\/labestiapolitica.com.mx\/index.php?rest_route=%2Fwp%2Fv2%2Fmedia&parent=38621"}],"wp:term":[{"taxonomy":"category","embeddable":true,"href":"https:\/\/labestiapolitica.com.mx\/index.php?rest_route=%2Fwp%2Fv2%2Fcategories&post=38621"},{"taxonomy":"post_tag","embeddable":true,"href":"https:\/\/labestiapolitica.com.mx\/index.php?rest_route=%2Fwp%2Fv2%2Ftags&post=38621"}],"curies":[{"name":"wp","href":"https:\/\/api.w.org\/{rel}","templated":true}]}}