{"id":38872,"date":"2025-03-12T11:29:31","date_gmt":"2025-03-12T17:29:31","guid":{"rendered":"https:\/\/labestiapolitica.com.mx\/?p=38872"},"modified":"2025-03-18T22:31:04","modified_gmt":"2025-03-19T04:31:04","slug":"alientos-democraticos-la-ultima-batalla-de-la-toga","status":"publish","type":"post","link":"https:\/\/labestiapolitica.com.mx\/?p=38872","title":{"rendered":"ALIENTOS DEMOCRATICOS. LA ULTIMA BATALLA DE LA TOGA"},"content":{"rendered":"<p style=\"text-align: justify;\" data-start=\"0\" data-end=\"422\">El anterior presidente de la Rep\u00fablica, un genio de la pol\u00edtica electoral y de la comunicaci\u00f3n pol\u00edtica, aunque no as\u00ed de la administraci\u00f3n p\u00fablica, due\u00f1o de una perversidad pocas veces vista, dio muestras muy claras de la instauraci\u00f3n de un nuevo r\u00e9gimen. Para lograrlo, el camino fue el desmantelamiento de los contrapesos al Poder Ejecutivo Federal; varios le cost\u00f3 seis a\u00f1os y tres elecciones, pero al final lo logr\u00f3.<\/p>\n<p style=\"text-align: justify;\" data-start=\"424\" data-end=\"924\">Control\u00f3 primero el Ejecutivo, al ganarlo y retenerlo; control\u00f3 el Legislativo en la tercera oportunidad, aunque no lo logr\u00f3 en las urnas, sino gracias a la invasi\u00f3n del Instituto Nacional Electoral, al colocar a sus incondicionales en el \u00f3rgano rector de los procesos electorales. Este \u00faltimo arrebat\u00f3 curules a los partidos de oposici\u00f3n y se los entreg\u00f3 a los partidos afines al r\u00e9gimen en la calificaci\u00f3n de la elecci\u00f3n de 2024 y la sobrerrepresentaci\u00f3n de ambas c\u00e1maras del Congreso de la Uni\u00f3n.<\/p>\n<p style=\"text-align: justify;\" data-start=\"926\" data-end=\"1624\" data-is-last-node=\"\" data-is-only-node=\"\">Esta decisi\u00f3n del INE, ratificada por el incompleto pleno del TEPJF, se vio favorecida por el Senado de la Rep\u00fablica, de mayor\u00eda morenista, que omiti\u00f3 nombrar a dos magistrados electorales, encarg\u00e1ndose as\u00ed de mantener la integraci\u00f3n en cinco de un total de siete. Durante el sexenio de AMLO, logr\u00f3 la afinidad y lealtad de tres de esos magistrados, n\u00famero con el que alcanz\u00f3 la mayor\u00eda que aval\u00f3 la decisi\u00f3n del INE, la cual, m\u00e1s que un documento del antes aut\u00f3nomo instituto electoral del pa\u00eds, parec\u00eda un <em data-start=\"1434\" data-end=\"1446\">copy-paste<\/em> del documento que ley\u00f3 la secretaria de Gobierno, Mar\u00eda Luisa Alcalde, en la conferencia diaria del presidente de la Rep\u00fablica. En dicha lectura, la funcionaria federal anunci\u00f3:<\/p>\n<p><img loading=\"lazy\" decoding=\"async\" class=\"alignnone size-full wp-image-38874\" src=\"https:\/\/labestiapolitica.com.mx\/wp-content\/uploads\/2025\/03\/1-8.jpg\" alt=\"\" width=\"1321\" height=\"750\" srcset=\"https:\/\/labestiapolitica.com.mx\/wp-content\/uploads\/2025\/03\/1-8.jpg 1321w, https:\/\/labestiapolitica.com.mx\/wp-content\/uploads\/2025\/03\/1-8-300x170.jpg 300w, https:\/\/labestiapolitica.com.mx\/wp-content\/uploads\/2025\/03\/1-8-1024x581.jpg 1024w, https:\/\/labestiapolitica.com.mx\/wp-content\/uploads\/2025\/03\/1-8-768x436.jpg 768w\" sizes=\"auto, (max-width: 1321px) 100vw, 1321px\" \/><\/p>\n<p>&nbsp;<\/p>\n<p style=\"text-align: justify;\"><span style=\"font-weight: 400;\">Imagen de la conferencia ma\u00f1anera del 3 de junio de 202<\/span><\/p>\n<p style=\"text-align: justify;\" data-start=\"0\" data-end=\"876\">\u201cDe acuerdo con Alcalde, esta ser\u00eda la composici\u00f3n del Congreso: \u2018Estamos hablando de cerca de 243 diputados por Morena; 48 por el Partido del Trabajo y 74 por el Partido Verde Ecologista de M\u00e9xico. Eso significa una mayor\u00eda calificada, es decir, de dos terceras partes. Como sabemos, una mayor\u00eda calificada implica la posibilidad de llevar a cabo reformas constitucionales. En el caso del PRI, cerca de 34 diputados; el PRD, dos; el PAN, 72; Movimiento Ciudadano, 26; independientes, uno, para dar el total de 500 diputados y diputadas. Y en el caso de la composici\u00f3n de la C\u00e1mara de Senadores, tambi\u00e9n aproximados, pero ya muy cercanos al resultado total, estamos hablando de 60 senadores por Morena; 8 por el Partido del Trabajo; 14 por el Partido Verde; 17 por el PRI; dos por el PRD; 22 por el PAN y cinco por Movimiento Ciudadano, para dar un total de 128 senadores\u2019.\u201d<\/p>\n<p data-start=\"878\" data-end=\"989\" data-is-last-node=\"\" data-is-only-node=\"\">As\u00ed, como si fuera un guion dictado, la SEGOB dio su proyecci\u00f3n, y as\u00ed la aprob\u00f3 el INE y la ratific\u00f3 el TEPJF.<\/p>\n<p><img loading=\"lazy\" decoding=\"async\" class=\"alignnone size-full wp-image-38877\" src=\"https:\/\/labestiapolitica.com.mx\/wp-content\/uploads\/2025\/03\/\ud83e\uddf9-Servicios-Publicos-dignifica-espacios-en-preescolar-de-Zaragoza-1-2.png\" alt=\"\" width=\"2000\" height=\"1200\" srcset=\"https:\/\/labestiapolitica.com.mx\/wp-content\/uploads\/2025\/03\/\ud83e\uddf9-Servicios-Publicos-dignifica-espacios-en-preescolar-de-Zaragoza-1-2.png 2000w, https:\/\/labestiapolitica.com.mx\/wp-content\/uploads\/2025\/03\/\ud83e\uddf9-Servicios-Publicos-dignifica-espacios-en-preescolar-de-Zaragoza-1-2-300x180.png 300w, https:\/\/labestiapolitica.com.mx\/wp-content\/uploads\/2025\/03\/\ud83e\uddf9-Servicios-Publicos-dignifica-espacios-en-preescolar-de-Zaragoza-1-2-1024x614.png 1024w, https:\/\/labestiapolitica.com.mx\/wp-content\/uploads\/2025\/03\/\ud83e\uddf9-Servicios-Publicos-dignifica-espacios-en-preescolar-de-Zaragoza-1-2-768x461.png 768w, https:\/\/labestiapolitica.com.mx\/wp-content\/uploads\/2025\/03\/\ud83e\uddf9-Servicios-Publicos-dignifica-espacios-en-preescolar-de-Zaragoza-1-2-1536x922.png 1536w\" sizes=\"auto, (max-width: 2000px) 100vw, 2000px\" \/><\/p>\n<p><img loading=\"lazy\" decoding=\"async\" class=\"alignnone size-full wp-image-38876\" src=\"https:\/\/labestiapolitica.com.mx\/wp-content\/uploads\/2025\/03\/2-6.jpg\" alt=\"\" width=\"813\" height=\"660\" srcset=\"https:\/\/labestiapolitica.com.mx\/wp-content\/uploads\/2025\/03\/2-6.jpg 813w, https:\/\/labestiapolitica.com.mx\/wp-content\/uploads\/2025\/03\/2-6-300x244.jpg 300w, https:\/\/labestiapolitica.com.mx\/wp-content\/uploads\/2025\/03\/2-6-768x623.jpg 768w\" sizes=\"auto, (max-width: 813px) 100vw, 813px\" \/><\/p>\n<p style=\"text-align: justify;\">Con esa supermayor\u00eda que los \u00f3rganos garantes de la elecci\u00f3n otorgaron al r\u00e9gimen, lo siguiente fue eliminar los obst\u00e1culos, de tal forma que cayeron los organismos aut\u00f3nomos, incluido el encargado de la transparencia que, dicho sea de paso, fue flagelante con el anterior gobierno. Poder Ejecutivo y Poder Legislativo se encargaron del \u00faltimo obst\u00e1culo: el Poder Judicial de la Federaci\u00f3n. No es que Norma Pi\u00f1a le haya faltado al respeto a AMLO, no es que el no ponerse de pie el 5 de febrero de 2024 fuera una afrenta imperdonable; el plan original inclu\u00eda la captura del Poder Judicial, y no podr\u00eda lograrse sin un Congreso a modo. Si por un momento 42 senadores eran la esperanza de contener el desastre que se acercaba, la coerci\u00f3n y la extorsi\u00f3n se encargaron de acabar con esa esperanza. La reforma judicial pas\u00f3; se cambi\u00f3 el m\u00e9todo de selecci\u00f3n de jueces, magistrados y ministros, el cual era un proceso amalgamado de experiencia y conocimiento, de preparaci\u00f3n acad\u00e9mica, de preparaci\u00f3n en manejo e interpretaci\u00f3n de la ley. En fin, un proceso que todo el cuerpo judicial conoc\u00eda y aceptaba, y sobre todo, que funcionaba.<\/p>\n<div class=\"flex flex-1 grow basis-auto flex-col overflow-hidden @container\/thread\">\n<div class=\"relative h-full\">\n<div class=\"flex h-full flex-col overflow-y-auto [scrollbar-gutter:stable]\">\n<div class=\"mt-1.5 flex flex-col text-sm md:pb-9\">\n<article class=\"w-full text-token-text-primary focus-visible:outline-2 focus-visible:outline-offset-[-4px]\" dir=\"auto\" data-testid=\"conversation-turn-7\" data-scroll-anchor=\"true\">\n<div class=\"text-base my-auto mx-auto py-[18px] px-6\">\n<div class=\"mx-auto flex flex-1 text-base gap-4 md:gap-5 lg:gap-6 md:max-w-3xl lg:max-w-[40rem] xl:max-w-[48rem]\">\n<div class=\"group\/conversation-turn relative flex w-full min-w-0 flex-col agent-turn @xs\/thread:px-0 @sm\/thread:px-1.5 @md\/thread:px-4\">\n<div class=\"flex-col gap-1 md:gap-3\">\n<div class=\"flex max-w-full flex-col flex-grow\">\n<div class=\"min-h-8 text-message relative flex w-full flex-col items-end gap-2 whitespace-normal break-words text-start [.text-message+&amp;]:mt-5\" dir=\"auto\" data-message-author-role=\"assistant\" data-message-id=\"6d6061ec-3b17-4994-8e1c-00a55afd6b2d\" data-message-model-slug=\"gpt-4o\">\n<div class=\"flex w-full flex-col gap-1 empty:hidden first:pt-[3px]\">\n<div class=\"markdown prose w-full break-words dark:prose-invert dark\">\n<p style=\"text-align: justify;\" data-start=\"1262\" data-end=\"2565\">En su lugar qued\u00f3 un sistema nuevo, donde un gran n\u00famero de actuales juzgadores dejar\u00e1 su plaza para que la ocupen aquellas personas que conquisten la voluntad popular, esas personas que ir\u00e1n al escrutinio ciudadano. Resultaron id\u00f3neas, seg\u00fan el an\u00e1lisis de sendos comit\u00e9s evaluadores para los casos federales y comit\u00e9s locales en cada entidad federativa. A aquellos evaluados e insaculados por los poderes de la uni\u00f3n se les unen aquellas personas juzgadoras que decidieron defender su encargo, su trabajo, su responsabilidad. No es para menos. La totalidad de las personas que defender\u00e1n su juzgado o su magistratura, seg\u00fan sea el caso, no ocupan esos espacios producto de la generaci\u00f3n espont\u00e1nea. Incluso aquellos magistrados que han pasado por el tamiz del poder legislativo que les correspondiese son personas que libraron diferentes fases en las que su preparaci\u00f3n y su capacidad fueron factores contundentes. Sin embargo, aquellas personas juzgadoras que llegaron a sus respectivos juzgados bajo el escrutinio del Poder Judicial, en concursos de oposici\u00f3n, en valoraci\u00f3n curricular, en conocimiento de tesis y jurisprudencias que soportan cientos de sentencias en sus respectivos rubros de la aplicaci\u00f3n jurisdiccional, son las m\u00e1s perjudicadas, porque son las m\u00e1s alejadas del poder pol\u00edtico.<\/p>\n<p style=\"text-align: justify;\" data-start=\"2567\" data-end=\"3845\">Son ellas y ellos, las juezas y los jueces del Poder Judicial de la Federaci\u00f3n y de las respectivas entidades, en quienes hay que poner la mirada. Son mujeres y hombres que vale la pena conocer, escuchar y, en la medida de lo posible, cuestionar. Porque sin deberla ni temerla, hoy est\u00e1n en un terreno completamente desconocido. Varias de estas personas enfrentar\u00e1n a contendientes que ya tienen experiencia en el terreno electoral, que vienen del campo legislativo o del Ejecutivo. Los que no han sido candidatos han acompa\u00f1ado campa\u00f1as; algunos otros son militantes de partidos, coordinadores de campa\u00f1a, voceros de procesos electorales. En fin, de diversas formas han tenido cercan\u00eda con la competencia electoral. Est\u00e1n familiarizados con conceptos como listas de 1 por 10, redes, estructuras, casas amigas, casilleros, secciones prioritarias, seccionales, topes de campa\u00f1a, MOVILIZACI\u00d3N. Mientras que quienes entran a esta batalla desde los juzgados a\u00fan no saben bien a bien qu\u00e9 hacer. Buscan sombras de \u00e1rboles varios, se dejan guiar por vivales, depositan confianza y recursos en vendedores de ilusiones, escuchan y creen en \u201cliderazgos\u201d de masas que \u201cagrupan\u201d a cientos o quiz\u00e1 miles y dan palos de ciego. Son eso precisamente: ciegos en tierras donde el tuerto es rey.<\/p>\n<p style=\"text-align: justify;\" data-start=\"3847\" data-end=\"4120\">En ese contexto est\u00e1 hoy el proceso electoral judicial, a 81 d\u00edas de la jornada electoral, misma en la que las y los candidatos no tendr\u00e1n derecho a tener representantes ante las mesas directivas ni ante los consejos distritales. Un proceso en el que todo est\u00e1 prohibido:<\/p>\n<ul style=\"text-align: justify;\" data-start=\"4122\" data-end=\"4532\">\n<li data-start=\"4122\" data-end=\"4219\"><strong data-start=\"4124\" data-end=\"4137\">Prohibido<\/strong> financiamiento p\u00fablico o privado en favor o en contra de cualquier candidatura.<\/li>\n<li data-start=\"4220\" data-end=\"4329\"><strong data-start=\"4222\" data-end=\"4235\">Prohibida<\/strong> la contrataci\u00f3n de tiempos de radio y televisi\u00f3n para la promoci\u00f3n de la persona candidata.<\/li>\n<li data-start=\"4330\" data-end=\"4532\"><strong data-start=\"4332\" data-end=\"4345\">Prohibida<\/strong> la contrataci\u00f3n de espacios publicitarios y de promoci\u00f3n en medios de comunicaci\u00f3n impresos o digitales, anuncios espectaculares, bardas en v\u00eda p\u00fablica, vallas, parabuses, entre otras.<\/li>\n<\/ul>\n<p style=\"text-align: justify;\" data-start=\"4534\" data-end=\"5405\">Con todo en contra, as\u00ed es como llegan a la elecci\u00f3n del 1 de junio la gran mayor\u00eda de juezas y jueces que cambiar\u00e1n expedientes por reglas electorales, actores, imputados y defensores por coordinadores, seccionales, casilleros y movilizadores; que dejar\u00e1n la sala de juicios para entrar a las junglas electorales en que se convierten las calles en cada proceso electoral, el interrogatorio por la narrativa. Y que, en un imprevisible y dr\u00e1stico cambio de papeles, ser\u00e1n enjuiciados por la voluntad popular y recibir\u00e1n su sentencia en los correspondientes consejos distritales electorales a los que se circunscriba su caso. Y ah\u00ed, en uno de los 12 primeros d\u00edas de junio, con los respectivos c\u00f3mputos electorales, ser\u00e1 el lugar y momento en el que m\u00e1s de una jueza, m\u00e1s de un magistrado, m\u00e1s de una persona juzgadora, habr\u00e1n presentado <strong data-start=\"5370\" data-end=\"5402\">LA \u00daLTIMA BATALLA DE SU TOGA<\/strong>.<\/p>\n<h3 style=\"text-align: justify;\" data-start=\"5407\" data-end=\"5439\"><strong data-start=\"5411\" data-end=\"5437\">Suspiros de democracia<\/strong><\/h3>\n<p style=\"text-align: justify;\" data-start=\"5441\" data-end=\"6066\">He podido interactuar con varios actores que ser\u00e1n protagonistas en junio de este a\u00f1o en nuestra hermosa Tlaxcala. Un par de ellos me han dejado gratamente sorprendido. El alcance del trabajo que realizan en su labor juzgadora es por dem\u00e1s fascinante. Tuve el gusto de entrevistar a dos de ellos en <strong data-start=\"5740\" data-end=\"5766\">La Liga de los Debates<\/strong>, mi programa en <strong data-start=\"5783\" data-end=\"5805\">La Bestia Pol\u00edtica<\/strong>, el mejor medio digital de Tlaxcala. Poder escucharles, entender lo complejo de su trabajo, las decisiones que toman y que afectan dr\u00e1sticamente las vidas de las personas han provocado en m\u00ed el m\u00e1s grande respeto por su labor y por su permanente preparaci\u00f3n.<\/p>\n<p style=\"text-align: justify;\" data-start=\"6068\" data-end=\"6888\">Me refiero a la <strong data-start=\"6084\" data-end=\"6117\">Doctora Elsa Cordero Mart\u00ednez<\/strong>, magistrada en retiro del Poder Judicial del Estado de Tlaxcala, mujer por dem\u00e1s conocida y respetada, adem\u00e1s identificada en el medio pol\u00edtico de Tlaxcala. Cada charla con ella es, en lo personal, un aprendizaje constante. De igual forma, el <strong data-start=\"6361\" data-end=\"6395\">Doctor Johnny Morales Mart\u00ednez<\/strong>, juez de distrito adscrito al Segundo Tribunal Laboral Federal de Asuntos Individuales en el Estado de Tlaxcala. Un hombre apasionado por su trabajo, involucrado en la ejecuci\u00f3n de sus sentencias, desde el principio hasta el fin; innovador con sentencias de f\u00e1cil lectura para ni\u00f1os, con medidas cautelares laborales, con videos de reinstalaciones, con interacci\u00f3n en redes sociales, con videos en TikTok de m\u00e1s de 15 mil reproducciones. En fin, un tipo que respira y come justicia laboral.<\/p>\n<p style=\"text-align: justify;\" data-start=\"6890\" data-end=\"7125\" data-is-last-node=\"\" data-is-only-node=\"\">Espero ansioso tener la oportunidad de invitar a m\u00e1s juzgadores a mi programa. Al final, a nosotros los medios lo que nos toca es poner nuestra parte para que lo que pase en este proceso sea lo mejor para la sociedad de nuestro estado.<\/p>\n<\/div>\n<\/div>\n<\/div>\n<\/div>\n<\/div>\n<\/div>\n<\/div>\n<\/div>\n<\/article>\n<\/div>\n<\/div>\n<\/div>\n<\/div>\n","protected":false},"excerpt":{"rendered":"<p>El anterior presidente de la Rep\u00fablica, un genio de la pol\u00edtica electoral y de la comunicaci\u00f3n pol\u00edtica, aunque no as\u00ed de la administraci\u00f3n p\u00fablica, due\u00f1o de una perversidad pocas veces vista, dio muestras muy claras de la instauraci\u00f3n de un nuevo r\u00e9gimen. Para lograrlo, el camino fue el desmantelamiento de los contrapesos al Poder Ejecutivo [&hellip;]<\/p>\n","protected":false},"author":3,"featured_media":38873,"comment_status":"open","ping_status":"open","sticky":false,"template":"","format":"standard","meta":{"footnotes":""},"categories":[6],"tags":[],"class_list":["post-38872","post","type-post","status-publish","format-standard","has-post-thumbnail","hentry","category-opinion"],"amp_enabled":true,"_links":{"self":[{"href":"https:\/\/labestiapolitica.com.mx\/index.php?rest_route=\/wp\/v2\/posts\/38872","targetHints":{"allow":["GET"]}}],"collection":[{"href":"https:\/\/labestiapolitica.com.mx\/index.php?rest_route=\/wp\/v2\/posts"}],"about":[{"href":"https:\/\/labestiapolitica.com.mx\/index.php?rest_route=\/wp\/v2\/types\/post"}],"author":[{"embeddable":true,"href":"https:\/\/labestiapolitica.com.mx\/index.php?rest_route=\/wp\/v2\/users\/3"}],"replies":[{"embeddable":true,"href":"https:\/\/labestiapolitica.com.mx\/index.php?rest_route=%2Fwp%2Fv2%2Fcomments&post=38872"}],"version-history":[{"count":3,"href":"https:\/\/labestiapolitica.com.mx\/index.php?rest_route=\/wp\/v2\/posts\/38872\/revisions"}],"predecessor-version":[{"id":38880,"href":"https:\/\/labestiapolitica.com.mx\/index.php?rest_route=\/wp\/v2\/posts\/38872\/revisions\/38880"}],"wp:featuredmedia":[{"embeddable":true,"href":"https:\/\/labestiapolitica.com.mx\/index.php?rest_route=\/wp\/v2\/media\/38873"}],"wp:attachment":[{"href":"https:\/\/labestiapolitica.com.mx\/index.php?rest_route=%2Fwp%2Fv2%2Fmedia&parent=38872"}],"wp:term":[{"taxonomy":"category","embeddable":true,"href":"https:\/\/labestiapolitica.com.mx\/index.php?rest_route=%2Fwp%2Fv2%2Fcategories&post=38872"},{"taxonomy":"post_tag","embeddable":true,"href":"https:\/\/labestiapolitica.com.mx\/index.php?rest_route=%2Fwp%2Fv2%2Ftags&post=38872"}],"curies":[{"name":"wp","href":"https:\/\/api.w.org\/{rel}","templated":true}]}}