{"id":38895,"date":"2025-03-12T14:25:15","date_gmt":"2025-03-12T20:25:15","guid":{"rendered":"https:\/\/labestiapolitica.com.mx\/?p=38895"},"modified":"2025-03-18T22:30:29","modified_gmt":"2025-03-19T04:30:29","slug":"el-8-m-y-la-cartilla-de-derechos-de-las-mujeres","status":"publish","type":"post","link":"https:\/\/labestiapolitica.com.mx\/?p=38895","title":{"rendered":"Opini\u00f3n&#8230;El 8-M y la Cartilla de Derechos de las Mujeres"},"content":{"rendered":"<p style=\"text-align: justify;\">El pasado 7 de marzo la presidenta Claudia Sheinbaum present\u00f3 ante el pueblo de M\u00e9xico la Cartilla de Derechos de las Mujeres, cuyo tiraje es de millones de ejemplares para que sea entregada no solo a mujeres de todo el pa\u00eds, sino a los hombres, que debemos conocer sus derechos y respetarlos.<br \/>\nCon ello se contribuye al cumplimento del compromiso 54 que hiciera la ahora presidenta frente a la sociedad, cuando era candidata presidencial: fortalecer la igualdad sustantiva y erradicar todo tipo de violencia.<br \/>\nAdem\u00e1s, se posiciona como aliada del movimiento feminista que ha luchado arduamente en M\u00e9xico y el mundo para garantizar que las mujeres puedan vivir libres de violencia y con dignidad.<br \/>\nLa cartilla es una herramienta de pedagog\u00eda popular que se va a repartir en calles, plazas y escuelas para concientizar a mujeres y hombres sobre 15 derechos b\u00e1sicos:<br \/>\nDerecho a ser libre y feliz<br \/>\nDerecho a vivir en familia, en paz y con bienestar<br \/>\nDerecho a la educaci\u00f3n<br \/>\nDerecho a la salud<br \/>\nDerecho a la vivienda<br \/>\nDerechos comunitarios<br \/>\nDerecho a una identidad y a tener autonom\u00eda<br \/>\nDerecho a la cultura<br \/>\nDerecho a la libre expresi\u00f3n y al libre tr\u00e1nsito<br \/>\nAcceso y derecho a la justicia<br \/>\nDerecho a la participaci\u00f3n pol\u00edtica<br \/>\nDerechos digitales<br \/>\nDerechos de las ni\u00f1as y las adolescentes<br \/>\nDerecho a un trabajo digno y a un salario igualitario<br \/>\nDerecho a una vida libre de violencias<br \/>\nCon esta acci\u00f3n y la puesta en marcha de programas como la pensi\u00f3n para mujeres de 60 a 64 a\u00f1os para reconocer su trabajo de cuidados, el Segundo Piso de la Cuarta Transformaci\u00f3n se consolida y va dando respuesta a las demandas que el movimiento feminista plantea a\u00f1o con a\u00f1o en las movilizaciones del 8 de marzo.<\/p>\n","protected":false},"excerpt":{"rendered":"<p>El pasado 7 de marzo la presidenta Claudia Sheinbaum present\u00f3 ante el pueblo de M\u00e9xico la Cartilla de Derechos de las Mujeres, cuyo tiraje es de millones de ejemplares para que sea entregada no solo a mujeres de todo el pa\u00eds, sino a los hombres, que debemos conocer sus derechos y respetarlos. Con ello se [&hellip;]<\/p>\n","protected":false},"author":3,"featured_media":38897,"comment_status":"open","ping_status":"open","sticky":false,"template":"","format":"standard","meta":{"footnotes":""},"categories":[6],"tags":[],"class_list":["post-38895","post","type-post","status-publish","format-standard","has-post-thumbnail","hentry","category-opinion"],"amp_enabled":true,"_links":{"self":[{"href":"https:\/\/labestiapolitica.com.mx\/index.php?rest_route=\/wp\/v2\/posts\/38895","targetHints":{"allow":["GET"]}}],"collection":[{"href":"https:\/\/labestiapolitica.com.mx\/index.php?rest_route=\/wp\/v2\/posts"}],"about":[{"href":"https:\/\/labestiapolitica.com.mx\/index.php?rest_route=\/wp\/v2\/types\/post"}],"author":[{"embeddable":true,"href":"https:\/\/labestiapolitica.com.mx\/index.php?rest_route=\/wp\/v2\/users\/3"}],"replies":[{"embeddable":true,"href":"https:\/\/labestiapolitica.com.mx\/index.php?rest_route=%2Fwp%2Fv2%2Fcomments&post=38895"}],"version-history":[{"count":3,"href":"https:\/\/labestiapolitica.com.mx\/index.php?rest_route=\/wp\/v2\/posts\/38895\/revisions"}],"predecessor-version":[{"id":38900,"href":"https:\/\/labestiapolitica.com.mx\/index.php?rest_route=\/wp\/v2\/posts\/38895\/revisions\/38900"}],"wp:featuredmedia":[{"embeddable":true,"href":"https:\/\/labestiapolitica.com.mx\/index.php?rest_route=\/wp\/v2\/media\/38897"}],"wp:attachment":[{"href":"https:\/\/labestiapolitica.com.mx\/index.php?rest_route=%2Fwp%2Fv2%2Fmedia&parent=38895"}],"wp:term":[{"taxonomy":"category","embeddable":true,"href":"https:\/\/labestiapolitica.com.mx\/index.php?rest_route=%2Fwp%2Fv2%2Fcategories&post=38895"},{"taxonomy":"post_tag","embeddable":true,"href":"https:\/\/labestiapolitica.com.mx\/index.php?rest_route=%2Fwp%2Fv2%2Ftags&post=38895"}],"curies":[{"name":"wp","href":"https:\/\/api.w.org\/{rel}","templated":true}]}}