{"id":39016,"date":"2025-03-13T14:33:21","date_gmt":"2025-03-13T20:33:21","guid":{"rendered":"https:\/\/labestiapolitica.com.mx\/?p=39016"},"modified":"2025-03-13T14:33:48","modified_gmt":"2025-03-13T20:33:48","slug":"con-la-complacencia-de-autoridades-vips-provoca-ecocidio-en-tlaxcala-capital-convierte-cinco-arboles-en-tocones","status":"publish","type":"post","link":"https:\/\/labestiapolitica.com.mx\/?p=39016","title":{"rendered":"\u00abCon la complacencia de autoridades, vip&#8217;s provoca ecocidio en Tlaxcala capital: convierte cinco \u00e1rboles en tocones\u00bb"},"content":{"rendered":"<p style=\"text-align: justify;\"><strong>(Fabi\u00e1n Robles\/11 de marzo 2025) (Faro Tlax=)<\/strong>\u00a0La Sociedad Operadora Vip\u00b4s \u201cse excedi\u00f3\u201d en un permiso otorgado por el ayuntamiento de Tlaxcala para podar cinco \u00e1rboles -que se encuentran en las inmediaciones del restaurante ubicado a dos cuadras del centro de la ciudad- y de plano los tal\u00f3 dej\u00e1ndolos como simples tocones, por lo que la Procuradur\u00eda de Protecci\u00f3n al Ambiente de Tlaxcala (Propaet) se limit\u00f3 a levantar un acta circunstanciada e iniciar un procedimiento administrativo \u201cpor incurrir en un il\u00edcito ambiental\u201d.<\/p>\n<p style=\"text-align: justify;\">Habitantes de la ciudad capital externaron su indignaci\u00f3n por ese ecocidio -palabra que, seg\u00fan el Diccionario de la Lengua Espa\u00f1ola significa \u201cdestrucci\u00f3n del medio ambiente, en especial de forma intencionada\u201d- perpetrado entre las calles Juli\u00e1n Carrillo y Guillermo Barroso.<\/p>\n<p style=\"text-align: justify;\">\u201cLa poda agresiva e irresponsable (\u2026) representa un atentado contra el arbolado urbano, que equivale a una sentencia de muerte para \u00e1rboles que han tardado d\u00e9cadas en crecer y que hoy son v\u00edctimas de una gesti\u00f3n ambiental deficiente\u201d, denunciaron los inconformes a trav\u00e9s de un manifiesto dado a conocer en redes sociales.<\/p>\n<p style=\"text-align: justify;\">El pasado 14 de febrero, la representaci\u00f3n legal del restaurante Vip\u00b4s solicit\u00f3 a la Unidad Municipal de Protecci\u00f3n al Medio Ambiente del ayuntamiento capitalino autorizaci\u00f3n para la poda de \u00e1rboles; sin embargo, en el oficio de respuesta emitido por el titular del \u00e1rea, Jaime Montiel Hern\u00e1ndez, no se especifica l\u00edmite alguno para la empresa solicitante y, en cambio, se le deja actuar a su libre albedr\u00edo.<\/p>\n<p style=\"text-align: justify;\">\u201cConsiderando el resultado de la visita t\u00e9cnica efectuada el 18 del mismo mes y a\u00f1o, donde se pudo constatar que varios \u00e1rboles est\u00e1n muy crecidos, as\u00ed como con fundamento en el art\u00edculo 72 del Reglamento de Equilibrio Ecol\u00f3gico y Protecci\u00f3n al Ambiente del municipio de Tlaxcala, esta presidencia municipal autoriza la poda de los \u00e1rboles de las especies Trueno y Ficus que se encuentra ubicado (sic) frente a las instalaciones del Restaurante Vip\u00b4s\u201d, se lee en el oficio.<\/p>\n<p style=\"text-align: justify;\">En ese documento -copia del cual obtuvo este reportero- el funcionario del ayuntamiento puso cuatro condicionantes para dar la autorizaci\u00f3n: \u201clos gastos que generen las acciones de la poda de los \u00e1rboles corren por cuente del solicitante; cualquier da\u00f1o a terceros y sus bienes durante las operaciones ser\u00e1n a cargo del titular de la presente autorizaci\u00f3n.<\/p>\n<p style=\"text-align: justify;\">Las otras dos \u201ccondicionantes\u201d fueron: \u201cel presente documento no ampara la elaboraci\u00f3n (sic) o transporte de la madera resultante de los derribos la cual podr\u00e1 ser aprovechada en el mismo lugar; y la presente autorizaci\u00f3n tiene vigencia de 30 d\u00edas naturales para llevar a cabo el derribo\u201d.<\/p>\n<p style=\"text-align: justify;\">El oficio referido fue entregado el 27 de febrero a la representaci\u00f3n del Restaurante Vip\u00b4s, y el ecocidio, seg\u00fan fuentes extraoficiales, tuvo lugar el pasado fin de semana.<\/p>\n<figure class=\"wp-block-image size-large\"><img loading=\"lazy\" decoding=\"async\" class=\"wp-image-14535\" src=\"https:\/\/farotlax.com.mx\/wp-content\/uploads\/2025\/03\/483526210_668652122504938_7209641030810481066_n-1024x768.jpg\" alt=\"\" width=\"1024\" height=\"768\" \/><\/figure>\n<p style=\"text-align: justify;\"><strong>TIBIA RESPUESTA DE LA PROPAET<\/strong><\/p>\n<p style=\"text-align: justify;\">A trav\u00e9s de sus redes sociales, la Propaet precis\u00f3 que fueron cinco los \u201c\u00e1rboles afectados: dos tipo Trueno y tres tipo Ficus\u201d.<\/p>\n<p style=\"text-align: justify;\">Sin precisar fecha, la dependencia refiri\u00f3 que \u201catendi\u00f3 un reporte ciudadano sobre una poda excesiva en la zona. Durante la inspecci\u00f3n, el personal actuante constat\u00f3 que los \u00e1rboles fueron intervenidos m\u00e1s all\u00e1 de los l\u00edmites permitidos, asemej\u00e1ndose a una tala (sic)\u201d.<\/p>\n<p style=\"text-align: justify;\">Tras esa \u201cinspecci\u00f3n\u201d, la Propaet determin\u00f3 que \u201cel responsable present\u00f3 un permiso de poda expedido por el ayuntamiento; sin embargo, la poda realizada excede lo autorizado (sic) dejando los \u00e1rboles en tocones\u201d.<\/p>\n<p style=\"text-align: justify;\">En consecuencia, \u201cse levant\u00f3 un acta circunstanciada y se inici\u00f3 un procedimiento administrativo contra la empresa responsable por incurrir en un il\u00edcito ambiental. El gobierno del estado, a trav\u00e9s de la Propaet reafirma su compromiso con el cuidado del medio ambiente y la preservaci\u00f3n de nuestros \u00e1rboles, que no solo embellecen nuestras ciudades, sino que tambi\u00e9n nos brindan ox\u00edgeno, sombra y equilibrio ecol\u00f3gico\u201d.<\/p>\n<p style=\"text-align: justify;\">La conclusi\u00f3n de la Procuradur\u00eda fue que \u201ccada \u00e1rbol representa vida y contribuye a la calidad del aire, al resguardo de la biodiversidad y al bienestar de nuestras comunidades. Por ello, trabajamos incansablemente para vigilar que cualquier intervenci\u00f3n en el arbolado urbano y en nuestros espacios naturales se realice de manera responsable y conforme a la normativa ambiental\u201d.<\/p>\n<figure class=\"wp-block-image size-full\"><img loading=\"lazy\" decoding=\"async\" class=\"wp-image-14533\" src=\"https:\/\/farotlax.com.mx\/wp-content\/uploads\/2025\/03\/freepik-proyecto-sin-titulo-20250311050519rMwG.jpeg\" alt=\"\" width=\"648\" height=\"486\" \/><\/figure>\n<p style=\"text-align: justify;\"><strong>CIUDADANOS CULPAN AL AYUNTAMIENTO<\/strong><\/p>\n<p style=\"text-align: justify;\">A trav\u00e9s de redes sociales ciudadanos capitalinos externaron su indignaci\u00f3n por ese ecocidio y consideraron que \u201cuna poda severa debilita a los \u00e1rboles, los deja expuestos a enfermedades y los mata lentamente. Los \u00e1rboles en la ciudad no son un estorbo, son aliados, generan ox\u00edgeno, regulan la temperatura, capturan contaminantes y dan sombra a la gente\u201d.<\/p>\n<p style=\"text-align: justify;\">Advirtieron que \u201clas malas pr\u00e1cticas municipales est\u00e1n acabando con lo poco verde que nos queda\u201d.<\/p>\n<p style=\"text-align: justify;\">Exigieron al ayuntamiento encabezado por el morenista Alfonso S\u00e1nchez Garc\u00eda \u201cuna pol\u00edtica ambiental responsable, un plan de manejo y conservaci\u00f3n del arbolado urbano con podas t\u00e9cnicas que preserven la vida de los \u00e1rboles y que rinda cuentas sobre qui\u00e9n autoriza estas podas agresivas y qu\u00e9 criterios se usan\u201d.<\/p>\n<p style=\"text-align: justify;\">A las autoridades estatales y federales demandaron que \u201cintervengan y frenen estos ecocidios urbanos, as\u00ed como se identifique a las y los servidores que instruyen estas acciones ecocidas (porque) no podemos permitir que sigan destruyendo el arbolado de Tlaxcala con justificaciones burocr\u00e1ticas y sin conciencia ecol\u00f3gica\u201d.<\/p>\n<p style=\"text-align: justify;\">Consideraron que \u201cla ciudadan\u00eda tiene derecho a una ciudad con \u00e1rboles, con vida y con futuro\u201d.<\/p>\n<p style=\"text-align: justify;\">Advirtieron que, \u201csi seguimos permitiendo estas pr\u00e1cticas, pronto viviremos en un Tlaxcala de concreto, sin sombra y sin ox\u00edgeno\u201d.<\/p>\n<p>&nbsp;<\/p>\n<p>Aqu\u00ed la nota original: https:\/\/farotlax.com.mx\/?p=14532<\/p>\n","protected":false},"excerpt":{"rendered":"<p>(Fabi\u00e1n Robles\/11 de marzo 2025) (Faro Tlax=)\u00a0La Sociedad Operadora Vip\u00b4s \u201cse excedi\u00f3\u201d en un permiso otorgado por el ayuntamiento de Tlaxcala para podar cinco \u00e1rboles -que se encuentran en las inmediaciones del restaurante ubicado a dos cuadras del centro de la ciudad- y de plano los tal\u00f3 dej\u00e1ndolos como simples tocones, por lo que la [&hellip;]<\/p>\n","protected":false},"author":3,"featured_media":39021,"comment_status":"open","ping_status":"open","sticky":false,"template":"","format":"standard","meta":{"footnotes":""},"categories":[12],"tags":[],"class_list":["post-39016","post","type-post","status-publish","format-standard","has-post-thumbnail","hentry","category-brujula-2026"],"amp_enabled":true,"_links":{"self":[{"href":"https:\/\/labestiapolitica.com.mx\/index.php?rest_route=\/wp\/v2\/posts\/39016","targetHints":{"allow":["GET"]}}],"collection":[{"href":"https:\/\/labestiapolitica.com.mx\/index.php?rest_route=\/wp\/v2\/posts"}],"about":[{"href":"https:\/\/labestiapolitica.com.mx\/index.php?rest_route=\/wp\/v2\/types\/post"}],"author":[{"embeddable":true,"href":"https:\/\/labestiapolitica.com.mx\/index.php?rest_route=\/wp\/v2\/users\/3"}],"replies":[{"embeddable":true,"href":"https:\/\/labestiapolitica.com.mx\/index.php?rest_route=%2Fwp%2Fv2%2Fcomments&post=39016"}],"version-history":[{"count":2,"href":"https:\/\/labestiapolitica.com.mx\/index.php?rest_route=\/wp\/v2\/posts\/39016\/revisions"}],"predecessor-version":[{"id":39023,"href":"https:\/\/labestiapolitica.com.mx\/index.php?rest_route=\/wp\/v2\/posts\/39016\/revisions\/39023"}],"wp:featuredmedia":[{"embeddable":true,"href":"https:\/\/labestiapolitica.com.mx\/index.php?rest_route=\/wp\/v2\/media\/39021"}],"wp:attachment":[{"href":"https:\/\/labestiapolitica.com.mx\/index.php?rest_route=%2Fwp%2Fv2%2Fmedia&parent=39016"}],"wp:term":[{"taxonomy":"category","embeddable":true,"href":"https:\/\/labestiapolitica.com.mx\/index.php?rest_route=%2Fwp%2Fv2%2Fcategories&post=39016"},{"taxonomy":"post_tag","embeddable":true,"href":"https:\/\/labestiapolitica.com.mx\/index.php?rest_route=%2Fwp%2Fv2%2Ftags&post=39016"}],"curies":[{"name":"wp","href":"https:\/\/api.w.org\/{rel}","templated":true}]}}