{"id":39024,"date":"2025-03-13T14:49:49","date_gmt":"2025-03-13T20:49:49","guid":{"rendered":"https:\/\/labestiapolitica.com.mx\/?p=39024"},"modified":"2025-03-18T22:28:09","modified_gmt":"2025-03-19T04:28:09","slug":"protesta-en-tlaxcala-por-ecocidio-ciudadanos-exigen-justicia-y-reforestacion","status":"publish","type":"post","link":"https:\/\/labestiapolitica.com.mx\/?p=39024","title":{"rendered":"Protesta en Tlaxcala por ecocidio: ciudadanos exigen justicia y reforestaci\u00f3n"},"content":{"rendered":"<p style=\"text-align: justify;\"><strong>Fabiola M\u00c1RQUEZ\/ Tlaxcala, 13 de marzo de 2025.<\/strong> Indignados por la tala de cinco \u00e1rboles en la capital del estado, ciudadanos y activistas ambientales convocaron este jueves a una protesta para exigir a las autoridades una respuesta efectiva ante lo que consideran un ecocidio. La manifestaci\u00f3n ser\u00e1 con el objetivo de entablar un di\u00e1logo con las autoridades para exigir medidas concretas que eviten m\u00e1s da\u00f1os al medio ambiente.<\/p>\n<p style=\"text-align: justify;\">El hecho que deton\u00f3 la protesta ocurri\u00f3 en las inmediaciones del restaurante VIP\u2019s, donde cinco \u00e1rboles fueron talados bajo el pretexto de una poda autorizada por el Ayuntamiento de Tlaxcala. Sin embargo, la intervenci\u00f3n excedi\u00f3 los l\u00edmites permitidos y dej\u00f3 los \u00e1rboles reducidos a tocones. La Procuradur\u00eda de Protecci\u00f3n al Ambiente de Tlaxcala (Propaet) reconoci\u00f3 la irregularidad y abri\u00f3 un procedimiento administrativo, pero los ciudadanos exigen acciones m\u00e1s contundentes.<\/p>\n<p style=\"text-align: justify;\">\u201cSabemos que no volver\u00e1n a pegar las ramas a los \u00e1rboles, pero s\u00ed pueden comprometerse a reforestar la zona y a garantizar que esto no quede impune. Si no saben podar, como alegan, que busquen a especialistas que realicen un trabajo responsable y sin afectar el medio ambiente\u201d, se\u00f1alaron los manifestantes.<\/p>\n<p style=\"text-align: justify;\">Los organizadores de la protesta plantearon la necesidad de establecer una mesa de di\u00e1logo con el Ayuntamiento y la Propaet para exigir la reforestaci\u00f3n del \u00e1rea afectada y la implementaci\u00f3n de un plan de manejo y conservaci\u00f3n del arbolado urbano. Adem\u00e1s, buscan la creaci\u00f3n de un \u201cDec\u00e1logo Municipal\u201d que garantice podas t\u00e9cnicas y evite futuras talas injustificadas.<\/p>\n<p style=\"text-align: justify;\"><strong>Autoridades en la mira<\/strong><\/p>\n<p style=\"text-align: justify;\">El Ayuntamiento de Tlaxcala, encabezado por Alfonso S\u00e1nchez Garc\u00eda, ha sido se\u00f1alado como responsable de la autorizaci\u00f3n irregular de la poda. Activistas y ciudadanos exigen que se transparenten los criterios utilizados para otorgar estos permisos y que se sancione a quienes hayan autorizado o ejecutado la tala sin la supervisi\u00f3n adecuada.<\/p>\n<p style=\"text-align: justify;\">Por su parte, la Propaet ha insistido en su compromiso con la preservaci\u00f3n ambiental y ha prometido una investigaci\u00f3n exhaustiva. No obstante, los manifestantes han expresado su desconfianza y exigen acciones concretas y no solo declaraciones en redes sociales.<\/p>\n<p style=\"text-align: justify;\"><strong>Un Tlaxcala sin \u00e1rboles<\/strong><\/p>\n<p style=\"text-align: justify;\">\u201cLa ciudad est\u00e1 perdiendo su belleza natural a manos de empresas que, con la complacencia de las autoridades, destruyen el arbolado urbano sin considerar las consecuencias ecol\u00f3gicas\u201d, lament\u00f3 uno de los asistentes a la protesta.<\/p>\n<p style=\"text-align: justify;\">A trav\u00e9s de redes sociales, diversos colectivos ambientales han alertado sobre la creciente deforestaci\u00f3n en la ciudad y han instado a la ciudadan\u00eda a involucrarse en la defensa de los espacios verdes. \u201cSi seguimos permitiendo estas pr\u00e1cticas, pronto viviremos en un Tlaxcala de concreto, sin sombra y sin ox\u00edgeno\u201d, advierten.<\/p>\n<p style=\"text-align: justify;\">La protesta continuar\u00e1 con la exigencia de un compromiso formal de las autoridades para reforestar la zona afectada y establecer mecanismos claros de regulaci\u00f3n de podas y talas en el municipio. Los ciudadanos han dejado claro que no permitir\u00e1n que este ecocidio quede impune.<\/p>\n","protected":false},"excerpt":{"rendered":"<p>Fabiola M\u00c1RQUEZ\/ Tlaxcala, 13 de marzo de 2025. Indignados por la tala de cinco \u00e1rboles en la capital del estado, ciudadanos y activistas ambientales convocaron este jueves a una protesta para exigir a las autoridades una respuesta efectiva ante lo que consideran un ecocidio. La manifestaci\u00f3n ser\u00e1 con el objetivo de entablar un di\u00e1logo con [&hellip;]<\/p>\n","protected":false},"author":3,"featured_media":39025,"comment_status":"open","ping_status":"open","sticky":false,"template":"","format":"standard","meta":{"footnotes":""},"categories":[12],"tags":[],"class_list":["post-39024","post","type-post","status-publish","format-standard","has-post-thumbnail","hentry","category-brujula-2026"],"amp_enabled":true,"_links":{"self":[{"href":"https:\/\/labestiapolitica.com.mx\/index.php?rest_route=\/wp\/v2\/posts\/39024","targetHints":{"allow":["GET"]}}],"collection":[{"href":"https:\/\/labestiapolitica.com.mx\/index.php?rest_route=\/wp\/v2\/posts"}],"about":[{"href":"https:\/\/labestiapolitica.com.mx\/index.php?rest_route=\/wp\/v2\/types\/post"}],"author":[{"embeddable":true,"href":"https:\/\/labestiapolitica.com.mx\/index.php?rest_route=\/wp\/v2\/users\/3"}],"replies":[{"embeddable":true,"href":"https:\/\/labestiapolitica.com.mx\/index.php?rest_route=%2Fwp%2Fv2%2Fcomments&post=39024"}],"version-history":[{"count":1,"href":"https:\/\/labestiapolitica.com.mx\/index.php?rest_route=\/wp\/v2\/posts\/39024\/revisions"}],"predecessor-version":[{"id":39026,"href":"https:\/\/labestiapolitica.com.mx\/index.php?rest_route=\/wp\/v2\/posts\/39024\/revisions\/39026"}],"wp:featuredmedia":[{"embeddable":true,"href":"https:\/\/labestiapolitica.com.mx\/index.php?rest_route=\/wp\/v2\/media\/39025"}],"wp:attachment":[{"href":"https:\/\/labestiapolitica.com.mx\/index.php?rest_route=%2Fwp%2Fv2%2Fmedia&parent=39024"}],"wp:term":[{"taxonomy":"category","embeddable":true,"href":"https:\/\/labestiapolitica.com.mx\/index.php?rest_route=%2Fwp%2Fv2%2Fcategories&post=39024"},{"taxonomy":"post_tag","embeddable":true,"href":"https:\/\/labestiapolitica.com.mx\/index.php?rest_route=%2Fwp%2Fv2%2Ftags&post=39024"}],"curies":[{"name":"wp","href":"https:\/\/api.w.org\/{rel}","templated":true}]}}