{"id":39064,"date":"2025-03-13T16:13:44","date_gmt":"2025-03-13T22:13:44","guid":{"rendered":"https:\/\/labestiapolitica.com.mx\/?p=39064"},"modified":"2025-03-14T16:14:57","modified_gmt":"2025-03-14T22:14:57","slug":"aprueba-lxv-legislatura-reformas-constitucionales-para-la-proteccion-del-maiz-nativo","status":"publish","type":"post","link":"https:\/\/labestiapolitica.com.mx\/?p=39064","title":{"rendered":"Aprueba LXV Legislatura reformas constitucionales para la protecci\u00f3n del ma\u00edz nativo"},"content":{"rendered":"<p style=\"text-align: justify;\">Las y los diputados, integrantes de la LXV Legislatura aprobaron por unanimidad el Dictamen de la Minuta con Proyecto de Decreto que reforma los art\u00edculos 4\u00b0 y 27\u00b0 de la Constituci\u00f3n Pol\u00edtica de los Estados Unidos Mexicanos, con el prop\u00f3sito de fortalecer la conservaci\u00f3n y protecci\u00f3n de los ma\u00edces nativos en el pa\u00eds. La minuta, enviada por el Senado de la Rep\u00fablica, deriva de la iniciativa presentada por la Presidenta de M\u00e9xico, Claudia Sheinbaum Pardo, y forma parte de un esfuerzo nacional para garantizar la soberan\u00eda alimentaria y la preservaci\u00f3n de la biodiversidad.<\/p>\n<p style=\"text-align: justify;\">La reforma reconoce al ma\u00edz como elemento de identidad nacional y alimento b\u00e1sico, adem\u00e1s de establecer la prohibici\u00f3n de su cultivo con modificaciones gen\u00e9ticas que superen barreras naturales. Asimismo, promueve la conservaci\u00f3n de la agrobiodiversidad, impulsa pr\u00e1cticas agr\u00edcolas sustentables y fomenta la investigaci\u00f3n e innovaci\u00f3n en el manejo agroecol\u00f3gico del ma\u00edz. Con estas disposiciones, se busca fortalecer la producci\u00f3n tradicional y asegurar el derecho de la poblaci\u00f3n a una alimentaci\u00f3n nutritiva y culturalmente adecuada.<\/p>\n<p style=\"text-align: justify;\">En Tlaxcala, el ma\u00edz nativo representa el 46% de la producci\u00f3n agr\u00edcola, siendo un cultivo esencial en municipios como Huamantla, Cuapiaxtla e Ixtenco, donde comunidades campesinas e ind\u00edgenas han preservado sus semillas a lo largo de generaciones. La protecci\u00f3n constitucional de este grano es clave para evitar la contaminaci\u00f3n gen\u00e9tica por transg\u00e9nicos y garantizar la continuidad de su cultivo en sistemas tradicionales como la milpa, que adem\u00e1s de ma\u00edz incluye frijol, calabaza y otros productos esenciales para la dieta mexicana.<\/p>\n<p style=\"text-align: justify;\">Al aprobar esta reforma, la LXV Legislatura reafirma su compromiso con la defensa del patrimonio agroalimentario estatal y nacional. El Decreto aprobado ser\u00e1 notificado al Senado de la Rep\u00fablica para su integraci\u00f3n en el procedimiento constitucional correspondiente, con lo que Tlaxcala se suma a las entidades federativas que han respaldado esta reforma.<\/p>\n<p style=\"text-align: justify;\">De esta manera, el Congreso del Estado contribuye a la protecci\u00f3n del ma\u00edz como un recurso estrat\u00e9gico para la seguridad alimentaria presente y futura.<\/p>\n","protected":false},"excerpt":{"rendered":"<p>Las y los diputados, integrantes de la LXV Legislatura aprobaron por unanimidad el Dictamen de la Minuta con Proyecto de Decreto que reforma los art\u00edculos 4\u00b0 y 27\u00b0 de la Constituci\u00f3n Pol\u00edtica de los Estados Unidos Mexicanos, con el prop\u00f3sito de fortalecer la conservaci\u00f3n y protecci\u00f3n de los ma\u00edces nativos en el pa\u00eds. La minuta, [&hellip;]<\/p>\n","protected":false},"author":3,"featured_media":39065,"comment_status":"open","ping_status":"open","sticky":false,"template":"","format":"standard","meta":{"footnotes":""},"categories":[12],"tags":[],"class_list":["post-39064","post","type-post","status-publish","format-standard","has-post-thumbnail","hentry","category-brujula-2026"],"amp_enabled":true,"_links":{"self":[{"href":"https:\/\/labestiapolitica.com.mx\/index.php?rest_route=\/wp\/v2\/posts\/39064","targetHints":{"allow":["GET"]}}],"collection":[{"href":"https:\/\/labestiapolitica.com.mx\/index.php?rest_route=\/wp\/v2\/posts"}],"about":[{"href":"https:\/\/labestiapolitica.com.mx\/index.php?rest_route=\/wp\/v2\/types\/post"}],"author":[{"embeddable":true,"href":"https:\/\/labestiapolitica.com.mx\/index.php?rest_route=\/wp\/v2\/users\/3"}],"replies":[{"embeddable":true,"href":"https:\/\/labestiapolitica.com.mx\/index.php?rest_route=%2Fwp%2Fv2%2Fcomments&post=39064"}],"version-history":[{"count":1,"href":"https:\/\/labestiapolitica.com.mx\/index.php?rest_route=\/wp\/v2\/posts\/39064\/revisions"}],"predecessor-version":[{"id":39066,"href":"https:\/\/labestiapolitica.com.mx\/index.php?rest_route=\/wp\/v2\/posts\/39064\/revisions\/39066"}],"wp:featuredmedia":[{"embeddable":true,"href":"https:\/\/labestiapolitica.com.mx\/index.php?rest_route=\/wp\/v2\/media\/39065"}],"wp:attachment":[{"href":"https:\/\/labestiapolitica.com.mx\/index.php?rest_route=%2Fwp%2Fv2%2Fmedia&parent=39064"}],"wp:term":[{"taxonomy":"category","embeddable":true,"href":"https:\/\/labestiapolitica.com.mx\/index.php?rest_route=%2Fwp%2Fv2%2Fcategories&post=39064"},{"taxonomy":"post_tag","embeddable":true,"href":"https:\/\/labestiapolitica.com.mx\/index.php?rest_route=%2Fwp%2Fv2%2Ftags&post=39064"}],"curies":[{"name":"wp","href":"https:\/\/api.w.org\/{rel}","templated":true}]}}