{"id":39067,"date":"2025-03-13T16:20:47","date_gmt":"2025-03-13T22:20:47","guid":{"rendered":"https:\/\/labestiapolitica.com.mx\/?p=39067"},"modified":"2025-03-14T16:21:46","modified_gmt":"2025-03-14T22:21:46","slug":"exhorta-congreso-a-promover-inclusion-de-personas-con-discapacidad-auditiva","status":"publish","type":"post","link":"https:\/\/labestiapolitica.com.mx\/?p=39067","title":{"rendered":"Exhorta Congreso a promover inclusi\u00f3n de personas con discapacidad auditiva"},"content":{"rendered":"<p style=\"text-align: justify;\">El Congreso del Estado de Tlaxcala aprob\u00f3 por unanimidad de las diputadas y diputados presentes el Proyecto de Acuerdo que exhorta a los Poderes Ejecutivo y Judicial, a los 60 ayuntamientos, a los organismos constitucionalmente aut\u00f3nomos y a las instituciones educativas de nivel b\u00e1sico a realizar acciones de sensibilizaci\u00f3n y concientizaci\u00f3n cada 28 de noviembre, en el marco del D\u00eda Nacional de las Personas Sordas.<\/p>\n<p style=\"text-align: justify;\"><img loading=\"lazy\" decoding=\"async\" class=\"size-medium wp-image-54237 alignleft tbWow fadeIn\" src=\"https:\/\/congresodetlaxcala.gob.mx\/wp-content\/uploads\/2025\/03\/6068e5f9-b7ee-456d-b537-94cc8acfdf5b-300x200.jpg\" sizes=\"auto, (max-width: 300px) 100vw, 300px\" srcset=\"https:\/\/congresodetlaxcala.gob.mx\/wp-content\/uploads\/2025\/03\/6068e5f9-b7ee-456d-b537-94cc8acfdf5b-300x200.jpg 300w, https:\/\/congresodetlaxcala.gob.mx\/wp-content\/uploads\/2025\/03\/6068e5f9-b7ee-456d-b537-94cc8acfdf5b-768x513.jpg 768w, https:\/\/congresodetlaxcala.gob.mx\/wp-content\/uploads\/2025\/03\/6068e5f9-b7ee-456d-b537-94cc8acfdf5b-1024x684.jpg 1024w, https:\/\/congresodetlaxcala.gob.mx\/wp-content\/uploads\/2025\/03\/6068e5f9-b7ee-456d-b537-94cc8acfdf5b-350x234.jpg 350w\" alt=\"\" width=\"300\" height=\"200\" \/>La iniciativa, remitida por la presidenta de la Comisi\u00f3n Estatal de Derechos Humanos de Tlaxcala (CEDH), Jakqueline Ord\u00f3\u00f1ez Brasdefer, a petici\u00f3n de la ciudadana Mar\u00eda Elena Teloxa D\u00edaz y presentada por la diputada Gabriela Hern\u00e1ndez Islas, fue analizada por las Comisiones Unidas de Derechos Humanos, Grupos Vulnerables y Derechos de Ni\u00f1as, Ni\u00f1os y Adolescentes, y la de Puntos Constitucionales, Gobernaci\u00f3n y Justicia y Asuntos Pol\u00edticos. Tras un estudio detallado, se determin\u00f3 que en lugar de establecer una declaratoria estatal aislada, era m\u00e1s efectivo emitir este exhorto que garantice un impacto amplio y coordinado.<\/p>\n<p style=\"text-align: justify;\">El objetivo de esta medida es visibilizar y reconocer a las personas con discapacidad auditiva en Tlaxcala, estimadas en aproximadamente el 2.32% de las 203,625 personas con discapacidad en el estado. A trav\u00e9s de este exhorto, se busca fomentar una mayor conciencia social, promover la inclusi\u00f3n y garantizar el acceso a derechos fundamentales como la educaci\u00f3n, el empleo, la salud y el transporte, sectores en los que este grupo enfrenta barreras significativas.<\/p>\n<p style=\"text-align: justify;\">Las diputadas y diputados coincidieron en que este exhorto representa un paso importante para construir una sociedad m\u00e1s inclusiva, alineada con los principios establecidos en la Convenci\u00f3n sobre los Derechos de las Personas con Discapacidad, ratificada por M\u00e9xico en 2008, as\u00ed como con la legislaci\u00f3n nacional y estatal en la materia.<\/p>\n<p style=\"text-align: justify;\">Con su publicaci\u00f3n en el Peri\u00f3dico Oficial del Gobierno del Estado de Tlaxcala, las autoridades correspondientes deber\u00e1n implementar acciones concretas para generar conciencia y mejorar las condiciones de vida de las personas con discapacidad auditiva en la entidad<\/p>\n","protected":false},"excerpt":{"rendered":"<p>El Congreso del Estado de Tlaxcala aprob\u00f3 por unanimidad de las diputadas y diputados presentes el Proyecto de Acuerdo que exhorta a los Poderes Ejecutivo y Judicial, a los 60 ayuntamientos, a los organismos constitucionalmente aut\u00f3nomos y a las instituciones educativas de nivel b\u00e1sico a realizar acciones de sensibilizaci\u00f3n y concientizaci\u00f3n cada 28 de noviembre, [&hellip;]<\/p>\n","protected":false},"author":3,"featured_media":39068,"comment_status":"open","ping_status":"open","sticky":false,"template":"","format":"standard","meta":{"footnotes":""},"categories":[12],"tags":[],"class_list":["post-39067","post","type-post","status-publish","format-standard","has-post-thumbnail","hentry","category-brujula-2026"],"amp_enabled":true,"_links":{"self":[{"href":"https:\/\/labestiapolitica.com.mx\/index.php?rest_route=\/wp\/v2\/posts\/39067","targetHints":{"allow":["GET"]}}],"collection":[{"href":"https:\/\/labestiapolitica.com.mx\/index.php?rest_route=\/wp\/v2\/posts"}],"about":[{"href":"https:\/\/labestiapolitica.com.mx\/index.php?rest_route=\/wp\/v2\/types\/post"}],"author":[{"embeddable":true,"href":"https:\/\/labestiapolitica.com.mx\/index.php?rest_route=\/wp\/v2\/users\/3"}],"replies":[{"embeddable":true,"href":"https:\/\/labestiapolitica.com.mx\/index.php?rest_route=%2Fwp%2Fv2%2Fcomments&post=39067"}],"version-history":[{"count":1,"href":"https:\/\/labestiapolitica.com.mx\/index.php?rest_route=\/wp\/v2\/posts\/39067\/revisions"}],"predecessor-version":[{"id":39069,"href":"https:\/\/labestiapolitica.com.mx\/index.php?rest_route=\/wp\/v2\/posts\/39067\/revisions\/39069"}],"wp:featuredmedia":[{"embeddable":true,"href":"https:\/\/labestiapolitica.com.mx\/index.php?rest_route=\/wp\/v2\/media\/39068"}],"wp:attachment":[{"href":"https:\/\/labestiapolitica.com.mx\/index.php?rest_route=%2Fwp%2Fv2%2Fmedia&parent=39067"}],"wp:term":[{"taxonomy":"category","embeddable":true,"href":"https:\/\/labestiapolitica.com.mx\/index.php?rest_route=%2Fwp%2Fv2%2Fcategories&post=39067"},{"taxonomy":"post_tag","embeddable":true,"href":"https:\/\/labestiapolitica.com.mx\/index.php?rest_route=%2Fwp%2Fv2%2Ftags&post=39067"}],"curies":[{"name":"wp","href":"https:\/\/api.w.org\/{rel}","templated":true}]}}