{"id":39501,"date":"2025-03-27T15:11:33","date_gmt":"2025-03-27T21:11:33","guid":{"rendered":"https:\/\/labestiapolitica.com.mx\/?p=39501"},"modified":"2025-03-27T15:11:33","modified_gmt":"2025-03-27T21:11:33","slug":"zacualpan-fortalece-la-seguridad-publica-con-la-implementacion-de-tecnologia-de-punta","status":"publish","type":"post","link":"https:\/\/labestiapolitica.com.mx\/?p=39501","title":{"rendered":"Zacualpan fortalece la seguridad p\u00fablica con la implementaci\u00f3n de tecnolog\u00eda de punta"},"content":{"rendered":"<p class=\"\" style=\"text-align: justify;\" data-start=\"297\" data-end=\"591\">El @GobiernoZacualpan, encabezado por la presidenta municipal @coronapadilla, recibi\u00f3 dos Equipos Portables con Sistema de Lectura RFID, que se integran al Sistema de Arcos de Seguridad y Monitoreo, como parte de las acciones estrat\u00e9gicas para fortalecer la seguridad p\u00fablica en el municipio.<\/p>\n<p class=\"\" style=\"text-align: justify;\" data-start=\"593\" data-end=\"875\">Esta entrega fue posible gracias al respaldo de la Gobernadora Lorena Cu\u00e9llar Cisneros, a trav\u00e9s del Secretariado Ejecutivo del Sistema Estatal de Seguridad P\u00fablica (SESESP), con el objetivo de dotar a los municipios de herramientas eficaces para la prevenci\u00f3n y combate del delito.<\/p>\n<p class=\"\" style=\"text-align: justify;\" data-start=\"877\" data-end=\"1307\">Estos equipos permitir\u00e1n a los elementos de la Direcci\u00f3n de Seguridad P\u00fablica de Zacualpan mejorar la capacidad de detecci\u00f3n y recuperaci\u00f3n de veh\u00edculos con reporte de robo, as\u00ed como el monitoreo y seguimiento de unidades relacionadas con actividades il\u00edcitas. Su implementaci\u00f3n representa un paso importante hacia un entorno m\u00e1s seguro, reforzando tanto la seguridad patrimonial como la tranquilidad de las familias zacualpenses.<\/p>\n<p class=\"\" style=\"text-align: justify;\" data-start=\"1309\" data-end=\"1584\">La presidenta municipal, Sandra Corona Padilla, expres\u00f3 su agradecimiento por este importante apoyo que, dijo, \u00abconfirma el compromiso de seguir trabajando en la construcci\u00f3n de un Zacualpan m\u00e1s seguro, donde la tecnolog\u00eda se pone al servicio del bienestar de la ciudadan\u00eda\u00bb.<\/p>\n<p class=\"\" style=\"text-align: justify;\" data-start=\"1586\" data-end=\"1765\">Con estas acciones, el municipio avanza firmemente en su estrategia de seguridad integral, consolidando un modelo de prevenci\u00f3n m\u00e1s eficiente, coordinado y con mejores resultados.<\/p>\n<p class=\"\" style=\"text-align: justify;\" data-start=\"1767\" data-end=\"1831\">#LaBestiaPoliticaZacualpan<br data-start=\"1793\" data-end=\"1796\" \/>@GobiernoZacualpan<br data-start=\"1814\" data-end=\"1817\" \/>@coronapadilla<\/p>\n<p data-start=\"1767\" data-end=\"1831\">\n<p data-start=\"1767\" data-end=\"1831\"><img loading=\"lazy\" decoding=\"async\" class=\"alignnone size-full wp-image-39503\" src=\"https:\/\/labestiapolitica.com.mx\/wp-content\/uploads\/2025\/03\/1-40.png\" alt=\"\" width=\"2000\" height=\"1200\" srcset=\"https:\/\/labestiapolitica.com.mx\/wp-content\/uploads\/2025\/03\/1-40.png 2000w, https:\/\/labestiapolitica.com.mx\/wp-content\/uploads\/2025\/03\/1-40-300x180.png 300w, https:\/\/labestiapolitica.com.mx\/wp-content\/uploads\/2025\/03\/1-40-1024x614.png 1024w, https:\/\/labestiapolitica.com.mx\/wp-content\/uploads\/2025\/03\/1-40-768x461.png 768w, https:\/\/labestiapolitica.com.mx\/wp-content\/uploads\/2025\/03\/1-40-1536x922.png 1536w\" sizes=\"auto, (max-width: 2000px) 100vw, 2000px\" \/> <img loading=\"lazy\" decoding=\"async\" class=\"alignnone size-full wp-image-39504\" src=\"https:\/\/labestiapolitica.com.mx\/wp-content\/uploads\/2025\/03\/3-29.png\" alt=\"\" width=\"2000\" height=\"1200\" srcset=\"https:\/\/labestiapolitica.com.mx\/wp-content\/uploads\/2025\/03\/3-29.png 2000w, https:\/\/labestiapolitica.com.mx\/wp-content\/uploads\/2025\/03\/3-29-300x180.png 300w, https:\/\/labestiapolitica.com.mx\/wp-content\/uploads\/2025\/03\/3-29-1024x614.png 1024w, https:\/\/labestiapolitica.com.mx\/wp-content\/uploads\/2025\/03\/3-29-768x461.png 768w, https:\/\/labestiapolitica.com.mx\/wp-content\/uploads\/2025\/03\/3-29-1536x922.png 1536w\" sizes=\"auto, (max-width: 2000px) 100vw, 2000px\" \/><\/p>\n","protected":false},"excerpt":{"rendered":"<p>El @GobiernoZacualpan, encabezado por la presidenta municipal @coronapadilla, recibi\u00f3 dos Equipos Portables con Sistema de Lectura RFID, que se integran al Sistema de Arcos de Seguridad y Monitoreo, como parte de las acciones estrat\u00e9gicas para fortalecer la seguridad p\u00fablica en el municipio. Esta entrega fue posible gracias al respaldo de la Gobernadora Lorena Cu\u00e9llar Cisneros, [&hellip;]<\/p>\n","protected":false},"author":3,"featured_media":39502,"comment_status":"open","ping_status":"open","sticky":false,"template":"","format":"standard","meta":{"footnotes":""},"categories":[216],"tags":[],"class_list":["post-39501","post","type-post","status-publish","format-standard","has-post-thumbnail","hentry","category-municipios"],"amp_enabled":true,"_links":{"self":[{"href":"https:\/\/labestiapolitica.com.mx\/index.php?rest_route=\/wp\/v2\/posts\/39501","targetHints":{"allow":["GET"]}}],"collection":[{"href":"https:\/\/labestiapolitica.com.mx\/index.php?rest_route=\/wp\/v2\/posts"}],"about":[{"href":"https:\/\/labestiapolitica.com.mx\/index.php?rest_route=\/wp\/v2\/types\/post"}],"author":[{"embeddable":true,"href":"https:\/\/labestiapolitica.com.mx\/index.php?rest_route=\/wp\/v2\/users\/3"}],"replies":[{"embeddable":true,"href":"https:\/\/labestiapolitica.com.mx\/index.php?rest_route=%2Fwp%2Fv2%2Fcomments&post=39501"}],"version-history":[{"count":1,"href":"https:\/\/labestiapolitica.com.mx\/index.php?rest_route=\/wp\/v2\/posts\/39501\/revisions"}],"predecessor-version":[{"id":39505,"href":"https:\/\/labestiapolitica.com.mx\/index.php?rest_route=\/wp\/v2\/posts\/39501\/revisions\/39505"}],"wp:featuredmedia":[{"embeddable":true,"href":"https:\/\/labestiapolitica.com.mx\/index.php?rest_route=\/wp\/v2\/media\/39502"}],"wp:attachment":[{"href":"https:\/\/labestiapolitica.com.mx\/index.php?rest_route=%2Fwp%2Fv2%2Fmedia&parent=39501"}],"wp:term":[{"taxonomy":"category","embeddable":true,"href":"https:\/\/labestiapolitica.com.mx\/index.php?rest_route=%2Fwp%2Fv2%2Fcategories&post=39501"},{"taxonomy":"post_tag","embeddable":true,"href":"https:\/\/labestiapolitica.com.mx\/index.php?rest_route=%2Fwp%2Fv2%2Ftags&post=39501"}],"curies":[{"name":"wp","href":"https:\/\/api.w.org\/{rel}","templated":true}]}}