{"id":39600,"date":"2025-03-31T17:07:58","date_gmt":"2025-03-31T23:07:58","guid":{"rendered":"https:\/\/labestiapolitica.com.mx\/?p=39600"},"modified":"2025-03-31T17:07:58","modified_gmt":"2025-03-31T23:07:58","slug":"el-ccu-uatx-fue-sede-del-ciclo-primavera-documental","status":"publish","type":"post","link":"https:\/\/labestiapolitica.com.mx\/?p=39600","title":{"rendered":"El CCU-UATx fue sede del ciclo\u00a0Primavera documental."},"content":{"rendered":"<ul>\n<li style=\"font-weight: 400; text-align: justify;\">Const\u00f3 de 7 historias mexicanas de superaci\u00f3n, resiliencia y valent\u00eda<\/li>\n<\/ul>\n<p style=\"font-weight: 400; text-align: justify;\">Con la finalidad de\u00a0llevar proyecciones documentales de contextos problem\u00e1ticos y tem\u00e1ticas sensibles a la sociedad para participar en la construcci\u00f3n de conciencia, empat\u00eda y entendimiento colectivo, la Universidad Aut\u00f3noma de Tlaxcala (UATx) fue sede del ciclo\u00a0<strong>Primavera documental<\/strong>, en el que estudiantes, docentes, adultos mayores y p\u00fablico en general, participaron en un cine debate, organizado por el Centro Cultural Universitario (CCU) y la Facultad de Ciencias para el Desarrollo Humano.<\/p>\n<p style=\"font-weight: 400; text-align: justify;\">La Maestra Samantha Vi\u00f1as Landa, Directora del CCU, en colaboraci\u00f3n con el Doctor Guillermo Paleta y la Maestra Brenda Mu\u00f1oz, ambos docentes de la Facultad de Ciencias para el Desarrollo Humano, impulsaron esta iniciativa para que las proyecciones documentales de\u00a0\ud835\udc03\ud835\udc28\ud835\udc1c\ud835\udc2c\ud835\udc0c\ud835\udc17\u00a0llegaran al p\u00fablico universitario,\u00a0de esta forma, la \u00a0UATx se convirti\u00f3 en la\u00a0\ud835\udc2c\ud835\udc1e\ud835\udc1d\ud835\udc1e\u00a0\ud835\udfcf\ud835\udfce\ud835\udfcf para acercar a\u00a0la audiencia documentales que abordan problem\u00e1ticas sociales y tem\u00e1ticas sensibles.<\/p>\n<p style=\"font-weight: 400; text-align: justify;\">La Maestra Samantha Vi\u00f1as se\u00f1al\u00f3 que se busca propiciar un debate para que tanto los estudiantes como el p\u00fablico en general expongan sus puntos de vista a partir de las tem\u00e1ticas abordadas, relacionando sus conocimientos con la praxis profesional para contribuir a la atenci\u00f3n de las necesidades sociales.<\/p>\n<p style=\"font-weight: 400; text-align: justify;\">DocsMX es una organizaci\u00f3n cultural independiente que fomenta espacios colectivos y participativos en torno al cine documental en M\u00e9xico, Am\u00e9rica Latina y Espa\u00f1a; pertenece a la Secretar\u00eda de Radio, Cine y Telecomunicaciones del gobierno federal. Su labor se enfoca en la difusi\u00f3n, exhibici\u00f3n, formaci\u00f3n y creaci\u00f3n de documentales, colaborando con diversas instituciones nacionales e internacionales que creen en el poder transformador de la no ficci\u00f3n y en el empoderamiento de las comunidades.<\/p>\n<p style=\"font-weight: 400; text-align: justify;\"><strong>Primavera documental<\/strong>\u00a0const\u00f3 de 7 historias mexicanas de superaci\u00f3n, resiliencia y valent\u00eda, a trav\u00e9s de las cuales se proyectaron t\u00edtulos como Anayeli, Ch\u2019ul be. Senda sagrada, El llanto de las tortugas, El tiempo de las luci\u00e9rnagas, La pipera, Los \u00e1rboles mueren de pie, y Sans\u00f3n y yo.<\/p>\n<p>&nbsp;<\/p>\n<p><img loading=\"lazy\" decoding=\"async\" class=\"alignnone size-full wp-image-28405\" src=\"https:\/\/labestiapolitica.com.mx\/wp-content\/uploads\/2024\/06\/U-NOVA-y-se-diferente.png\" alt=\"\" width=\"1000\" height=\"600\" srcset=\"https:\/\/labestiapolitica.com.mx\/wp-content\/uploads\/2024\/06\/U-NOVA-y-se-diferente.png 1000w, https:\/\/labestiapolitica.com.mx\/wp-content\/uploads\/2024\/06\/U-NOVA-y-se-diferente-300x180.png 300w, https:\/\/labestiapolitica.com.mx\/wp-content\/uploads\/2024\/06\/U-NOVA-y-se-diferente-768x461.png 768w\" sizes=\"auto, (max-width: 1000px) 100vw, 1000px\" \/><\/p>\n","protected":false},"excerpt":{"rendered":"<p>Const\u00f3 de 7 historias mexicanas de superaci\u00f3n, resiliencia y valent\u00eda Con la finalidad de\u00a0llevar proyecciones documentales de contextos problem\u00e1ticos y tem\u00e1ticas sensibles a la sociedad para participar en la construcci\u00f3n de conciencia, empat\u00eda y entendimiento colectivo, la Universidad Aut\u00f3noma de Tlaxcala (UATx) fue sede del ciclo\u00a0Primavera documental, en el que estudiantes, docentes, adultos mayores y [&hellip;]<\/p>\n","protected":false},"author":3,"featured_media":39601,"comment_status":"open","ping_status":"open","sticky":false,"template":"","format":"standard","meta":{"footnotes":""},"categories":[7],"tags":[],"class_list":["post-39600","post","type-post","status-publish","format-standard","has-post-thumbnail","hentry","category-ciudadanos"],"amp_enabled":true,"_links":{"self":[{"href":"https:\/\/labestiapolitica.com.mx\/index.php?rest_route=\/wp\/v2\/posts\/39600","targetHints":{"allow":["GET"]}}],"collection":[{"href":"https:\/\/labestiapolitica.com.mx\/index.php?rest_route=\/wp\/v2\/posts"}],"about":[{"href":"https:\/\/labestiapolitica.com.mx\/index.php?rest_route=\/wp\/v2\/types\/post"}],"author":[{"embeddable":true,"href":"https:\/\/labestiapolitica.com.mx\/index.php?rest_route=\/wp\/v2\/users\/3"}],"replies":[{"embeddable":true,"href":"https:\/\/labestiapolitica.com.mx\/index.php?rest_route=%2Fwp%2Fv2%2Fcomments&post=39600"}],"version-history":[{"count":1,"href":"https:\/\/labestiapolitica.com.mx\/index.php?rest_route=\/wp\/v2\/posts\/39600\/revisions"}],"predecessor-version":[{"id":39602,"href":"https:\/\/labestiapolitica.com.mx\/index.php?rest_route=\/wp\/v2\/posts\/39600\/revisions\/39602"}],"wp:featuredmedia":[{"embeddable":true,"href":"https:\/\/labestiapolitica.com.mx\/index.php?rest_route=\/wp\/v2\/media\/39601"}],"wp:attachment":[{"href":"https:\/\/labestiapolitica.com.mx\/index.php?rest_route=%2Fwp%2Fv2%2Fmedia&parent=39600"}],"wp:term":[{"taxonomy":"category","embeddable":true,"href":"https:\/\/labestiapolitica.com.mx\/index.php?rest_route=%2Fwp%2Fv2%2Fcategories&post=39600"},{"taxonomy":"post_tag","embeddable":true,"href":"https:\/\/labestiapolitica.com.mx\/index.php?rest_route=%2Fwp%2Fv2%2Ftags&post=39600"}],"curies":[{"name":"wp","href":"https:\/\/api.w.org\/{rel}","templated":true}]}}