{"id":39609,"date":"2025-03-31T17:21:13","date_gmt":"2025-03-31T23:21:13","guid":{"rendered":"https:\/\/labestiapolitica.com.mx\/?p=39609"},"modified":"2025-03-31T17:21:13","modified_gmt":"2025-03-31T23:21:13","slug":"policias-de-panotla-se-capacitan-para-una-respuesta-mas-eficiente-ante-emergencias","status":"publish","type":"post","link":"https:\/\/labestiapolitica.com.mx\/?p=39609","title":{"rendered":"Polic\u00edas de Panotla se capacitan para una respuesta m\u00e1s eficiente ante emergencias."},"content":{"rendered":"<p style=\"text-align: justify;\">Con el objetivo de fortalecer la seguridad en el municipio y mejorar la capacidad de respuesta ante situaciones de emergencia, elementos de la Direcci\u00f3n de Seguridad P\u00fablica de Panotla participaron en una jornada de capacitaci\u00f3n el pasado fin de semana.<\/p>\n<p style=\"text-align: justify;\">Durante la capacitaci\u00f3n, los oficiales recibieron instrucci\u00f3n en protocolos de actuaci\u00f3n en situaciones de alto riesgo, primeros auxilios t\u00e1cticos y t\u00e9cnicas de intervenci\u00f3n para la protecci\u00f3n ciudadana. Estas actividades estuvieron a cargo de especialistas en seguridad y emergencias, quienes reforzaron las habilidades del personal para actuar de manera eficiente y profesional ante cualquier eventualidad.<\/p>\n<p style=\"text-align: justify;\">El Presidente Municipal, Idelfonso Carro Rold\u00e1n, destac\u00f3 la importancia de estas capacitaciones para garantizar la seguridad de los ciudadanos y reafirm\u00f3 el compromiso de la administraci\u00f3n municipal con el fortalecimiento de la corporaci\u00f3n policial. \u00abNuestro objetivo es contar con una polic\u00eda mejor preparada, que pueda actuar de manera oportuna y efectiva ante cualquier situaci\u00f3n que ponga en riesgo la tranquilidad de las familias de Panotla\u00bb, se\u00f1al\u00f3.<\/p>\n<p style=\"text-align: justify;\">Por su parte, el director de Seguridad P\u00fablica, C\u00e9sar Mor\u00e1n Flores enfatiz\u00f3 que esta capacitaci\u00f3n forma parte de un programa integral de profesionalizaci\u00f3n para los elementos policiacos, con el fin de brindar un servicio de calidad y reforzar la confianza de la comunidad en la instituci\u00f3n.<\/p>\n<p style=\"text-align: justify;\">El Ayuntamiento de Panotla reitera su compromiso con la seguridad y el bienestar de la poblaci\u00f3n, implementando acciones concretas que permitan mejorar el desempe\u00f1o de las fuerzas de seguridad y garantizar la paz en el municipio.<\/p>\n<p>&nbsp;<\/p>\n<p><img loading=\"lazy\" decoding=\"async\" class=\"alignnone size-full wp-image-28405\" src=\"https:\/\/labestiapolitica.com.mx\/wp-content\/uploads\/2024\/06\/U-NOVA-y-se-diferente.png\" alt=\"\" width=\"1000\" height=\"600\" srcset=\"https:\/\/labestiapolitica.com.mx\/wp-content\/uploads\/2024\/06\/U-NOVA-y-se-diferente.png 1000w, https:\/\/labestiapolitica.com.mx\/wp-content\/uploads\/2024\/06\/U-NOVA-y-se-diferente-300x180.png 300w, https:\/\/labestiapolitica.com.mx\/wp-content\/uploads\/2024\/06\/U-NOVA-y-se-diferente-768x461.png 768w\" sizes=\"auto, (max-width: 1000px) 100vw, 1000px\" \/><\/p>\n","protected":false},"excerpt":{"rendered":"<p>Con el objetivo de fortalecer la seguridad en el municipio y mejorar la capacidad de respuesta ante situaciones de emergencia, elementos de la Direcci\u00f3n de Seguridad P\u00fablica de Panotla participaron en una jornada de capacitaci\u00f3n el pasado fin de semana. Durante la capacitaci\u00f3n, los oficiales recibieron instrucci\u00f3n en protocolos de actuaci\u00f3n en situaciones de alto [&hellip;]<\/p>\n","protected":false},"author":3,"featured_media":39610,"comment_status":"open","ping_status":"open","sticky":false,"template":"","format":"standard","meta":{"footnotes":""},"categories":[12,216,237],"tags":[],"class_list":["post-39609","post","type-post","status-publish","format-standard","has-post-thumbnail","hentry","category-brujula-2026","category-municipios","category-panotla"],"amp_enabled":true,"_links":{"self":[{"href":"https:\/\/labestiapolitica.com.mx\/index.php?rest_route=\/wp\/v2\/posts\/39609","targetHints":{"allow":["GET"]}}],"collection":[{"href":"https:\/\/labestiapolitica.com.mx\/index.php?rest_route=\/wp\/v2\/posts"}],"about":[{"href":"https:\/\/labestiapolitica.com.mx\/index.php?rest_route=\/wp\/v2\/types\/post"}],"author":[{"embeddable":true,"href":"https:\/\/labestiapolitica.com.mx\/index.php?rest_route=\/wp\/v2\/users\/3"}],"replies":[{"embeddable":true,"href":"https:\/\/labestiapolitica.com.mx\/index.php?rest_route=%2Fwp%2Fv2%2Fcomments&post=39609"}],"version-history":[{"count":1,"href":"https:\/\/labestiapolitica.com.mx\/index.php?rest_route=\/wp\/v2\/posts\/39609\/revisions"}],"predecessor-version":[{"id":39611,"href":"https:\/\/labestiapolitica.com.mx\/index.php?rest_route=\/wp\/v2\/posts\/39609\/revisions\/39611"}],"wp:featuredmedia":[{"embeddable":true,"href":"https:\/\/labestiapolitica.com.mx\/index.php?rest_route=\/wp\/v2\/media\/39610"}],"wp:attachment":[{"href":"https:\/\/labestiapolitica.com.mx\/index.php?rest_route=%2Fwp%2Fv2%2Fmedia&parent=39609"}],"wp:term":[{"taxonomy":"category","embeddable":true,"href":"https:\/\/labestiapolitica.com.mx\/index.php?rest_route=%2Fwp%2Fv2%2Fcategories&post=39609"},{"taxonomy":"post_tag","embeddable":true,"href":"https:\/\/labestiapolitica.com.mx\/index.php?rest_route=%2Fwp%2Fv2%2Ftags&post=39609"}],"curies":[{"name":"wp","href":"https:\/\/api.w.org\/{rel}","templated":true}]}}