{"id":39612,"date":"2025-03-31T17:27:10","date_gmt":"2025-03-31T23:27:10","guid":{"rendered":"https:\/\/labestiapolitica.com.mx\/?p=39612"},"modified":"2025-03-31T17:27:10","modified_gmt":"2025-03-31T23:27:10","slug":"reconoce-presidente-alfonso-sanchez-a-estudiantes-destacados-del-municipio-de-tlaxcala","status":"publish","type":"post","link":"https:\/\/labestiapolitica.com.mx\/?p=39612","title":{"rendered":"Reconoce presidente Alfonso S\u00e1nchez a estudiantes destacados del municipio de Tlaxcala."},"content":{"rendered":"<ul>\n<li>El alcalde entreg\u00f3 20 reconocimientos por excelencia acad\u00e9mica a alumnos de la Escuela Secundaria T\u00e9cnica No 51 de Tlacomulco y del CBTIS 03 de Tlaxcala<\/li>\n<\/ul>\n<p style=\"text-align: justify;\">El presidente municipal de Tlaxcala, Alfonso S\u00e1nchez Garc\u00eda, encabez\u00f3 una convivencia con alumnos destacados del municipio, en el marco del mes del natalicio de Benito Pablo Ju\u00e1rez Garc\u00eda, y entreg\u00f3 reconocimientos a estudiantes de secundaria y preparatoria por sus logros y desempe\u00f1o en las aulas.<\/p>\n<p style=\"text-align: justify;\">Durante la reuni\u00f3n, el presidente municipal reconoci\u00f3 el esfuerzo y la dedicaci\u00f3n de los estudiantes y destac\u00f3 que la educaci\u00f3n es una de las grandes prioridades de su gobierno, \u201cqueremos que sepan que cuentan con nosotros como una mano amiga para apoyar y consolidar el futuro de nuestras juventudes\u201d, enfatiz\u00f3 el alcalde en su mensaje a los estudiantes.<\/p>\n<p style=\"text-align: justify;\">Asimismo, entreg\u00f3 20 diplomas a aquellos alumnos que han demostrado excelencia acad\u00e9mica en la T\u00e9cnica No. 51 de Tlacomulco y el CBTIS No. 03 de Tlaxcala.<\/p>\n<p style=\"text-align: justify;\">Alfonso S\u00e1nchez Garc\u00eda tambi\u00e9n anunci\u00f3 la incorporaci\u00f3n de la escuela T\u00e9cnica No. 51 al programa de Escuelas Autosustentables del Gobierno Estatal.<\/p>\n<p style=\"text-align: justify;\">Este proyecto, dijo, tiene como objetivo promover el uso eficiente de recursos energ\u00e9ticos, dotando a la instituci\u00f3n de captadores de agua y paneles solares, entre otros recursos, para con ello, reiterar el compromiso del gobierno municipal con el impulso de pr\u00e1cticas educativas sostenibles que impacten positivamente en el entorno comunitario.<\/p>\n<p style=\"text-align: justify;\">El evento cont\u00f3 con la presencia de Miguel Gonz\u00e1lez Xochipa, director del CBTIS 03; Gema Hern\u00e1ndez George, directora de la T\u00e9cnica No. 51 de Tlacomulco; y Emmanuelle V\u00e1zquez Nava, director de Bienestar del municipio.<\/p>\n<p style=\"text-align: justify;\">Adem\u00e1s, estuvieron presentes familiares de las y los estudiantes destacados, quienes expresaron su agradecimiento al presidente municipal de Tlaxcala por el reconocimiento otorgado.<\/p>\n<p>&nbsp;<\/p>\n<p><img loading=\"lazy\" decoding=\"async\" class=\"alignnone size-full wp-image-28405\" src=\"https:\/\/labestiapolitica.com.mx\/wp-content\/uploads\/2024\/06\/U-NOVA-y-se-diferente.png\" alt=\"\" width=\"1000\" height=\"600\" srcset=\"https:\/\/labestiapolitica.com.mx\/wp-content\/uploads\/2024\/06\/U-NOVA-y-se-diferente.png 1000w, https:\/\/labestiapolitica.com.mx\/wp-content\/uploads\/2024\/06\/U-NOVA-y-se-diferente-300x180.png 300w, https:\/\/labestiapolitica.com.mx\/wp-content\/uploads\/2024\/06\/U-NOVA-y-se-diferente-768x461.png 768w\" sizes=\"auto, (max-width: 1000px) 100vw, 1000px\" \/><\/p>\n","protected":false},"excerpt":{"rendered":"<p>El alcalde entreg\u00f3 20 reconocimientos por excelencia acad\u00e9mica a alumnos de la Escuela Secundaria T\u00e9cnica No 51 de Tlacomulco y del CBTIS 03 de Tlaxcala El presidente municipal de Tlaxcala, Alfonso S\u00e1nchez Garc\u00eda, encabez\u00f3 una convivencia con alumnos destacados del municipio, en el marco del mes del natalicio de Benito Pablo Ju\u00e1rez Garc\u00eda, y entreg\u00f3 [&hellip;]<\/p>\n","protected":false},"author":3,"featured_media":39613,"comment_status":"open","ping_status":"open","sticky":false,"template":"","format":"standard","meta":{"footnotes":""},"categories":[7,216,214],"tags":[],"class_list":["post-39612","post","type-post","status-publish","format-standard","has-post-thumbnail","hentry","category-ciudadanos","category-municipios","category-tlaxcala-capital"],"amp_enabled":true,"_links":{"self":[{"href":"https:\/\/labestiapolitica.com.mx\/index.php?rest_route=\/wp\/v2\/posts\/39612","targetHints":{"allow":["GET"]}}],"collection":[{"href":"https:\/\/labestiapolitica.com.mx\/index.php?rest_route=\/wp\/v2\/posts"}],"about":[{"href":"https:\/\/labestiapolitica.com.mx\/index.php?rest_route=\/wp\/v2\/types\/post"}],"author":[{"embeddable":true,"href":"https:\/\/labestiapolitica.com.mx\/index.php?rest_route=\/wp\/v2\/users\/3"}],"replies":[{"embeddable":true,"href":"https:\/\/labestiapolitica.com.mx\/index.php?rest_route=%2Fwp%2Fv2%2Fcomments&post=39612"}],"version-history":[{"count":1,"href":"https:\/\/labestiapolitica.com.mx\/index.php?rest_route=\/wp\/v2\/posts\/39612\/revisions"}],"predecessor-version":[{"id":39614,"href":"https:\/\/labestiapolitica.com.mx\/index.php?rest_route=\/wp\/v2\/posts\/39612\/revisions\/39614"}],"wp:featuredmedia":[{"embeddable":true,"href":"https:\/\/labestiapolitica.com.mx\/index.php?rest_route=\/wp\/v2\/media\/39613"}],"wp:attachment":[{"href":"https:\/\/labestiapolitica.com.mx\/index.php?rest_route=%2Fwp%2Fv2%2Fmedia&parent=39612"}],"wp:term":[{"taxonomy":"category","embeddable":true,"href":"https:\/\/labestiapolitica.com.mx\/index.php?rest_route=%2Fwp%2Fv2%2Fcategories&post=39612"},{"taxonomy":"post_tag","embeddable":true,"href":"https:\/\/labestiapolitica.com.mx\/index.php?rest_route=%2Fwp%2Fv2%2Ftags&post=39612"}],"curies":[{"name":"wp","href":"https:\/\/api.w.org\/{rel}","templated":true}]}}