{"id":39618,"date":"2025-03-31T17:38:45","date_gmt":"2025-03-31T23:38:45","guid":{"rendered":"https:\/\/labestiapolitica.com.mx\/?p=39618"},"modified":"2025-04-02T09:16:32","modified_gmt":"2025-04-02T15:16:32","slug":"aprueba-ite-tope-de-gastos-personales-de-campana-para-eleccion-del-poder-judicial-y-otros-tribunales","status":"publish","type":"post","link":"https:\/\/labestiapolitica.com.mx\/?p=39618","title":{"rendered":"Aprueba ITE tope de gastos personales de campa\u00f1a para elecci\u00f3n del Poder Judicial y otros tribunales."},"content":{"rendered":"<p style=\"text-align: justify;\">El Instituto Tlaxcalteca de Elecciones (ITE) aprob\u00f3 esta ma\u00f1ana los topes m\u00e1ximos de gastos personales de campa\u00f1a de quienes contender\u00e1n en el Proceso Electoral Local Extraordinario para renovar cargos en el Poder Judicial y en los tribunales de Justicia Administrativa y de Conciliaci\u00f3n y Arbitraje 2024-2025 (PELEPJ).<\/p>\n<p style=\"text-align: justify;\">En sesi\u00f3n ordinaria, la Consejera Electoral Yedith Mart\u00ednez Pinillo, Presidenta de la Comisi\u00f3n Temporal del PELEPJ, destac\u00f3 que estos gastos, aprobados mediante el Acuerdo ITE-CG 34\/2025, ser\u00e1n diferenciados, conforme el cargo, el \u00e1mbito territorial de competencia y la materia.<\/p>\n<p style=\"text-align: justify;\">La determinaci\u00f3n de estos topes toma como referencia el l\u00edmite de aportaciones individuales que tienen las personas candidatas independientes a diputaciones, como lo establece la Ley de Instituciones y Procedimientos Electorales para el Estado de Tlaxcala (Lipeet), debido a que, al igual que las candidaturas de esta elecci\u00f3n, las independientes tampoco gozan de financiamiento p\u00fablico.<\/p>\n<p>&nbsp;<\/p>\n<p>&nbsp;<\/p>\n<p><img loading=\"lazy\" decoding=\"async\" class=\"alignnone size-full wp-image-28405\" src=\"https:\/\/labestiapolitica.com.mx\/wp-content\/uploads\/2024\/06\/U-NOVA-y-se-diferente.png\" alt=\"\" width=\"1000\" height=\"600\" srcset=\"https:\/\/labestiapolitica.com.mx\/wp-content\/uploads\/2024\/06\/U-NOVA-y-se-diferente.png 1000w, https:\/\/labestiapolitica.com.mx\/wp-content\/uploads\/2024\/06\/U-NOVA-y-se-diferente-300x180.png 300w, https:\/\/labestiapolitica.com.mx\/wp-content\/uploads\/2024\/06\/U-NOVA-y-se-diferente-768x461.png 768w\" sizes=\"auto, (max-width: 1000px) 100vw, 1000px\" \/><\/p>\n","protected":false},"excerpt":{"rendered":"<p>El Instituto Tlaxcalteca de Elecciones (ITE) aprob\u00f3 esta ma\u00f1ana los topes m\u00e1ximos de gastos personales de campa\u00f1a de quienes contender\u00e1n en el Proceso Electoral Local Extraordinario para renovar cargos en el Poder Judicial y en los tribunales de Justicia Administrativa y de Conciliaci\u00f3n y Arbitraje 2024-2025 (PELEPJ). En sesi\u00f3n ordinaria, la Consejera Electoral Yedith Mart\u00ednez [&hellip;]<\/p>\n","protected":false},"author":3,"featured_media":39619,"comment_status":"open","ping_status":"open","sticky":false,"template":"","format":"standard","meta":{"footnotes":""},"categories":[12],"tags":[],"class_list":["post-39618","post","type-post","status-publish","format-standard","has-post-thumbnail","hentry","category-brujula-2026"],"amp_enabled":true,"_links":{"self":[{"href":"https:\/\/labestiapolitica.com.mx\/index.php?rest_route=\/wp\/v2\/posts\/39618","targetHints":{"allow":["GET"]}}],"collection":[{"href":"https:\/\/labestiapolitica.com.mx\/index.php?rest_route=\/wp\/v2\/posts"}],"about":[{"href":"https:\/\/labestiapolitica.com.mx\/index.php?rest_route=\/wp\/v2\/types\/post"}],"author":[{"embeddable":true,"href":"https:\/\/labestiapolitica.com.mx\/index.php?rest_route=\/wp\/v2\/users\/3"}],"replies":[{"embeddable":true,"href":"https:\/\/labestiapolitica.com.mx\/index.php?rest_route=%2Fwp%2Fv2%2Fcomments&post=39618"}],"version-history":[{"count":2,"href":"https:\/\/labestiapolitica.com.mx\/index.php?rest_route=\/wp\/v2\/posts\/39618\/revisions"}],"predecessor-version":[{"id":39623,"href":"https:\/\/labestiapolitica.com.mx\/index.php?rest_route=\/wp\/v2\/posts\/39618\/revisions\/39623"}],"wp:featuredmedia":[{"embeddable":true,"href":"https:\/\/labestiapolitica.com.mx\/index.php?rest_route=\/wp\/v2\/media\/39619"}],"wp:attachment":[{"href":"https:\/\/labestiapolitica.com.mx\/index.php?rest_route=%2Fwp%2Fv2%2Fmedia&parent=39618"}],"wp:term":[{"taxonomy":"category","embeddable":true,"href":"https:\/\/labestiapolitica.com.mx\/index.php?rest_route=%2Fwp%2Fv2%2Fcategories&post=39618"},{"taxonomy":"post_tag","embeddable":true,"href":"https:\/\/labestiapolitica.com.mx\/index.php?rest_route=%2Fwp%2Fv2%2Ftags&post=39618"}],"curies":[{"name":"wp","href":"https:\/\/api.w.org\/{rel}","templated":true}]}}