{"id":39624,"date":"2025-03-31T21:43:58","date_gmt":"2025-04-01T03:43:58","guid":{"rendered":"https:\/\/labestiapolitica.com.mx\/?p=39624"},"modified":"2025-04-02T09:16:20","modified_gmt":"2025-04-02T15:16:20","slug":"tlaxcala-ciudadania-demanda-comparecencia-de-titulares-de-seguridad-y-fiscalia-ante-el-congreso","status":"publish","type":"post","link":"https:\/\/labestiapolitica.com.mx\/?p=39624","title":{"rendered":"Tlaxcala: Ciudadan\u00eda demanda comparecencia de titulares de Seguridad y Fiscal\u00eda ante el Congreso"},"content":{"rendered":"<p class=\"\" style=\"text-align: justify;\" data-start=\"207\" data-end=\"601\"><em data-start=\"207\" data-end=\"226\">Fabiola M\u00c1RQUEZ\/ <\/em><em data-start=\"293\" data-end=\"325\">Tlaxcala, Tlax., marzo de 2025<\/em> \u2014 La exigencia de rendici\u00f3n de cuentas por parte de la ciudadan\u00eda tlaxcalteca se hizo notar con contundencia. A trav\u00e9s de una encuesta realizada por <em data-start=\"475\" data-end=\"495\">La Bestia Pol\u00edtica<\/em>, el 98% de las personas participantes expres\u00f3 estar de acuerdo con que la Fiscal General de Justicia del Estado, <strong data-start=\"609\" data-end=\"635\">Ernestina Carro Rold\u00e1n<\/strong>, y el Secretario de Seguridad Ciudadana, <strong data-start=\"677\" data-end=\"702\">Alberto Perea Marrufo<\/strong>, comparezcan ante el Congreso del Estado para informar sobre su desempe\u00f1o.<\/p>\n<p class=\"\" style=\"text-align: justify;\" data-start=\"779\" data-end=\"1030\">La consulta arroj\u00f3 un total de <strong data-start=\"810\" data-end=\"831\">429 votos a favor<\/strong>, frente a tan solo <strong data-start=\"851\" data-end=\"871\">1 voto en contra<\/strong>, complementados por reacciones que expresan aprobaci\u00f3n, preocupaci\u00f3n y hasta molestia ante la falta de claridad en el manejo de temas de seguridad y justicia.<\/p>\n<p class=\"\" style=\"text-align: justify;\" data-start=\"1032\" data-end=\"1225\">M\u00e1s de <strong data-start=\"1039\" data-end=\"1135\">180 comentarios coincidieron en exigir transparencia, rendici\u00f3n de cuentas y responsabilidad<\/strong> por parte de los funcionarios p\u00fablicos. Entre los mensajes m\u00e1s destacados, se puede leer:<\/p>\n<p class=\"\" style=\"text-align: justify;\" data-start=\"1227\" data-end=\"1425\">\ud83d\udde3\ufe0f <em data-start=\"1231\" data-end=\"1425\">\u00abEs una obligaci\u00f3n, no un favor. Los diputados son nuestros representantes y exigimos que la Fiscal\u00eda y el Secretario de Seguridad rindan cuentas de la inseguridad que prevalece en el estado.\u00bb<\/em><\/p>\n<p class=\"\" style=\"text-align: justify;\" data-start=\"1427\" data-end=\"1575\">\ud83d\udde3\ufe0f <em data-start=\"1431\" data-end=\"1575\">\u00abLa inseguridad tiene nombre y apellido, el que nada debe, nada teme. La sociedad demanda esclarecimiento de la actuaci\u00f3n de los gobernantes.\u00bb<\/em><\/p>\n<p class=\"\" style=\"text-align: justify;\" data-start=\"1577\" data-end=\"1716\">\ud83d\udde3\ufe0f <em data-start=\"1581\" data-end=\"1716\">\u00abComo cualquier persona en su trabajo, deben asumir las consecuencias de sus actos. Todos debemos manejarnos con honor y honestidad.\u00bb<\/em><\/p>\n<p class=\"\" style=\"text-align: justify;\" data-start=\"1718\" data-end=\"1769\">\ud83d\udde3\ufe0f <em data-start=\"1722\" data-end=\"1769\">\u00abSi se niegan, \u00bfa qui\u00e9n est\u00e1n representando?\u00bb<\/em><\/p>\n<p class=\"\" style=\"text-align: justify;\" data-start=\"1771\" data-end=\"2072\">Este ejercicio de participaci\u00f3n ciudadana evidencia el creciente inter\u00e9s de la poblaci\u00f3n por involucrarse en los temas p\u00fablicos y exigir a sus autoridades resultados claros. La comparecencia, lejos de ser una concesi\u00f3n, es considerada por la mayor\u00eda como <strong data-start=\"2026\" data-end=\"2071\">una obligaci\u00f3n inherente al cargo p\u00fablico<\/strong>.<\/p>\n<p style=\"text-align: justify;\" data-start=\"1104\" data-end=\"1414\">\n","protected":false},"excerpt":{"rendered":"<p>Fabiola M\u00c1RQUEZ\/ Tlaxcala, Tlax., marzo de 2025 \u2014 La exigencia de rendici\u00f3n de cuentas por parte de la ciudadan\u00eda tlaxcalteca se hizo notar con contundencia. A trav\u00e9s de una encuesta realizada por La Bestia Pol\u00edtica, el 98% de las personas participantes expres\u00f3 estar de acuerdo con que la Fiscal General de Justicia del Estado, Ernestina [&hellip;]<\/p>\n","protected":false},"author":3,"featured_media":39625,"comment_status":"open","ping_status":"open","sticky":false,"template":"","format":"standard","meta":{"footnotes":""},"categories":[7],"tags":[],"class_list":["post-39624","post","type-post","status-publish","format-standard","has-post-thumbnail","hentry","category-ciudadanos"],"amp_enabled":true,"_links":{"self":[{"href":"https:\/\/labestiapolitica.com.mx\/index.php?rest_route=\/wp\/v2\/posts\/39624","targetHints":{"allow":["GET"]}}],"collection":[{"href":"https:\/\/labestiapolitica.com.mx\/index.php?rest_route=\/wp\/v2\/posts"}],"about":[{"href":"https:\/\/labestiapolitica.com.mx\/index.php?rest_route=\/wp\/v2\/types\/post"}],"author":[{"embeddable":true,"href":"https:\/\/labestiapolitica.com.mx\/index.php?rest_route=\/wp\/v2\/users\/3"}],"replies":[{"embeddable":true,"href":"https:\/\/labestiapolitica.com.mx\/index.php?rest_route=%2Fwp%2Fv2%2Fcomments&post=39624"}],"version-history":[{"count":1,"href":"https:\/\/labestiapolitica.com.mx\/index.php?rest_route=\/wp\/v2\/posts\/39624\/revisions"}],"predecessor-version":[{"id":39626,"href":"https:\/\/labestiapolitica.com.mx\/index.php?rest_route=\/wp\/v2\/posts\/39624\/revisions\/39626"}],"wp:featuredmedia":[{"embeddable":true,"href":"https:\/\/labestiapolitica.com.mx\/index.php?rest_route=\/wp\/v2\/media\/39625"}],"wp:attachment":[{"href":"https:\/\/labestiapolitica.com.mx\/index.php?rest_route=%2Fwp%2Fv2%2Fmedia&parent=39624"}],"wp:term":[{"taxonomy":"category","embeddable":true,"href":"https:\/\/labestiapolitica.com.mx\/index.php?rest_route=%2Fwp%2Fv2%2Fcategories&post=39624"},{"taxonomy":"post_tag","embeddable":true,"href":"https:\/\/labestiapolitica.com.mx\/index.php?rest_route=%2Fwp%2Fv2%2Ftags&post=39624"}],"curies":[{"name":"wp","href":"https:\/\/api.w.org\/{rel}","templated":true}]}}