{"id":39633,"date":"2025-04-01T11:25:42","date_gmt":"2025-04-01T17:25:42","guid":{"rendered":"https:\/\/labestiapolitica.com.mx\/?p=39633"},"modified":"2025-04-01T11:25:42","modified_gmt":"2025-04-01T17:25:42","slug":"reconocen-a-estudiantes-destacados-en-tlaxcala-capital-%f0%9f%8e%93%f0%9f%93%9a","status":"publish","type":"post","link":"https:\/\/labestiapolitica.com.mx\/?p=39633","title":{"rendered":"Reconocen a estudiantes destacados en Tlaxcala Capital \ud83c\udf93\ud83d\udcda"},"content":{"rendered":"<p class=\"\" style=\"text-align: justify;\" data-start=\"206\" data-end=\"490\">#JuntosPorLaEducaci\u00f3n | Alfonso S\u00e1nchez Garc\u00eda, presidente municipal de Tlaxcala, entreg\u00f3 reconocimientos a 20 alumnos destacados de la Secundaria T\u00e9cnica No. 51 de Tlacomulco y del CBTIS No. 03, como muestra del respaldo al esfuerzo y dedicaci\u00f3n acad\u00e9mica de la juventud tlaxcalteca.<\/p>\n<p class=\"\" style=\"text-align: justify;\" data-start=\"492\" data-end=\"760\">Durante el evento, el edil capitalino resalt\u00f3 que la T\u00e9cnica No. 51 forma parte del programa de escuelas autosustentables, cuyo objetivo es reducir el consumo de energ\u00eda el\u00e9ctrica a trav\u00e9s de la instalaci\u00f3n de paneles solares, captadores de agua y mejoras sostenibles.<\/p>\n<p class=\"\" style=\"text-align: justify;\" data-start=\"762\" data-end=\"904\">Con estas acciones, el Ayuntamiento de Tlaxcala reafirma su compromiso con la educaci\u00f3n de calidad y el desarrollo ambientalmente responsable.<\/p>\n<p class=\"\" style=\"text-align: justify;\" data-start=\"906\" data-end=\"1063\">#LaBestiaPoliticaTlaxcalaCapital<br data-start=\"938\" data-end=\"941\" \/>@Tlaxcala de Xicoht\u00e9ncatl 2024-2027<br data-start=\"976\" data-end=\"979\" \/>@alfonsosanchezgarcia.tlx<br data-start=\"1004\" data-end=\"1007\" \/>#HistoriaQueEscribimosJuntos<br data-start=\"1035\" data-end=\"1038\" \/>#TlaxcalaDeXicoht\u00e9ncatl<\/p>\n<p data-start=\"906\" data-end=\"1063\"><img loading=\"lazy\" decoding=\"async\" class=\"alignnone size-full wp-image-39635\" src=\"https:\/\/labestiapolitica.com.mx\/wp-content\/uploads\/2025\/04\/1-2.png\" alt=\"\" width=\"2000\" height=\"1200\" srcset=\"https:\/\/labestiapolitica.com.mx\/wp-content\/uploads\/2025\/04\/1-2.png 2000w, https:\/\/labestiapolitica.com.mx\/wp-content\/uploads\/2025\/04\/1-2-300x180.png 300w, https:\/\/labestiapolitica.com.mx\/wp-content\/uploads\/2025\/04\/1-2-1024x614.png 1024w, https:\/\/labestiapolitica.com.mx\/wp-content\/uploads\/2025\/04\/1-2-768x461.png 768w, https:\/\/labestiapolitica.com.mx\/wp-content\/uploads\/2025\/04\/1-2-1536x922.png 1536w\" sizes=\"auto, (max-width: 2000px) 100vw, 2000px\" \/> <img loading=\"lazy\" decoding=\"async\" class=\"alignnone size-full wp-image-39636\" src=\"https:\/\/labestiapolitica.com.mx\/wp-content\/uploads\/2025\/04\/3.png\" alt=\"\" width=\"2000\" height=\"1200\" srcset=\"https:\/\/labestiapolitica.com.mx\/wp-content\/uploads\/2025\/04\/3.png 2000w, https:\/\/labestiapolitica.com.mx\/wp-content\/uploads\/2025\/04\/3-300x180.png 300w, https:\/\/labestiapolitica.com.mx\/wp-content\/uploads\/2025\/04\/3-1024x614.png 1024w, https:\/\/labestiapolitica.com.mx\/wp-content\/uploads\/2025\/04\/3-768x461.png 768w, https:\/\/labestiapolitica.com.mx\/wp-content\/uploads\/2025\/04\/3-1536x922.png 1536w\" sizes=\"auto, (max-width: 2000px) 100vw, 2000px\" \/> <img loading=\"lazy\" decoding=\"async\" class=\"alignnone size-full wp-image-39637\" src=\"https:\/\/labestiapolitica.com.mx\/wp-content\/uploads\/2025\/04\/4.png\" alt=\"\" width=\"2000\" height=\"1200\" srcset=\"https:\/\/labestiapolitica.com.mx\/wp-content\/uploads\/2025\/04\/4.png 2000w, https:\/\/labestiapolitica.com.mx\/wp-content\/uploads\/2025\/04\/4-300x180.png 300w, https:\/\/labestiapolitica.com.mx\/wp-content\/uploads\/2025\/04\/4-1024x614.png 1024w, https:\/\/labestiapolitica.com.mx\/wp-content\/uploads\/2025\/04\/4-768x461.png 768w, https:\/\/labestiapolitica.com.mx\/wp-content\/uploads\/2025\/04\/4-1536x922.png 1536w\" sizes=\"auto, (max-width: 2000px) 100vw, 2000px\" \/><\/p>\n","protected":false},"excerpt":{"rendered":"<p>#JuntosPorLaEducaci\u00f3n | Alfonso S\u00e1nchez Garc\u00eda, presidente municipal de Tlaxcala, entreg\u00f3 reconocimientos a 20 alumnos destacados de la Secundaria T\u00e9cnica No. 51 de Tlacomulco y del CBTIS No. 03, como muestra del respaldo al esfuerzo y dedicaci\u00f3n acad\u00e9mica de la juventud tlaxcalteca. Durante el evento, el edil capitalino resalt\u00f3 que la T\u00e9cnica No. 51 forma parte [&hellip;]<\/p>\n","protected":false},"author":3,"featured_media":39634,"comment_status":"open","ping_status":"open","sticky":false,"template":"","format":"standard","meta":{"footnotes":""},"categories":[216,214],"tags":[],"class_list":["post-39633","post","type-post","status-publish","format-standard","has-post-thumbnail","hentry","category-municipios","category-tlaxcala-capital"],"amp_enabled":true,"_links":{"self":[{"href":"https:\/\/labestiapolitica.com.mx\/index.php?rest_route=\/wp\/v2\/posts\/39633","targetHints":{"allow":["GET"]}}],"collection":[{"href":"https:\/\/labestiapolitica.com.mx\/index.php?rest_route=\/wp\/v2\/posts"}],"about":[{"href":"https:\/\/labestiapolitica.com.mx\/index.php?rest_route=\/wp\/v2\/types\/post"}],"author":[{"embeddable":true,"href":"https:\/\/labestiapolitica.com.mx\/index.php?rest_route=\/wp\/v2\/users\/3"}],"replies":[{"embeddable":true,"href":"https:\/\/labestiapolitica.com.mx\/index.php?rest_route=%2Fwp%2Fv2%2Fcomments&post=39633"}],"version-history":[{"count":1,"href":"https:\/\/labestiapolitica.com.mx\/index.php?rest_route=\/wp\/v2\/posts\/39633\/revisions"}],"predecessor-version":[{"id":39638,"href":"https:\/\/labestiapolitica.com.mx\/index.php?rest_route=\/wp\/v2\/posts\/39633\/revisions\/39638"}],"wp:featuredmedia":[{"embeddable":true,"href":"https:\/\/labestiapolitica.com.mx\/index.php?rest_route=\/wp\/v2\/media\/39634"}],"wp:attachment":[{"href":"https:\/\/labestiapolitica.com.mx\/index.php?rest_route=%2Fwp%2Fv2%2Fmedia&parent=39633"}],"wp:term":[{"taxonomy":"category","embeddable":true,"href":"https:\/\/labestiapolitica.com.mx\/index.php?rest_route=%2Fwp%2Fv2%2Fcategories&post=39633"},{"taxonomy":"post_tag","embeddable":true,"href":"https:\/\/labestiapolitica.com.mx\/index.php?rest_route=%2Fwp%2Fv2%2Ftags&post=39633"}],"curies":[{"name":"wp","href":"https:\/\/api.w.org\/{rel}","templated":true}]}}