{"id":39693,"date":"2025-04-01T23:17:12","date_gmt":"2025-04-02T05:17:12","guid":{"rendered":"https:\/\/labestiapolitica.com.mx\/?p=39693"},"modified":"2025-04-02T08:47:57","modified_gmt":"2025-04-02T14:47:57","slug":"emite-cedht-medidas-cautelares-a-alcalde-de-apizaco-y-al-titular-de-la-ssc-por-el-hallazgo-de-posibles-restos-humanos-en-las-inmediaciones-del-albergue-la-sagrada-familia-la-comision-estatal-de-dere","status":"publish","type":"post","link":"https:\/\/labestiapolitica.com.mx\/?p=39693","title":{"rendered":"Emite CEDHT medidas cautelares a alcalde de Apizaco y al titular de la SSC Por el hallazgo de posibles restos humanos en las inmediaciones del albergue La Sagrada Familia"},"content":{"rendered":"<ul>\n<li><\/li>\n<li><\/li>\n<li class=\"western\" style=\"text-align: justify;\"><span style=\"font-size: medium;\"><i>Por el hallazgo de posibles restos humanos en las inmediaciones del albergue La Sagrada Familia<\/i><\/span><\/li>\n<\/ul>\n<p class=\"western\" style=\"text-align: justify;\" align=\"justify\"><span style=\"font-size: medium;\">La Comisi\u00f3n Estatal de Derechos Humanos de Tlaxcala (CEDHT) emiti\u00f3 medidas cautelares al alcalde de Apizaco, Javier Rivera Bonilla y al titular de la Secretar\u00eda de Seguridad Ciudadana, Alberto Mart\u00edn Perea Marrufo, adem\u00e1s radic\u00f3 la queja de oficio 01\/2025\/SVG-RN, derivado del comunicado emitido por el albergue \u201cLa Sagrada Familia\u201d, en el que solicita intervenci\u00f3n de este organismo aut\u00f3nomo por el hallazgo de posibles restos humanos en sus inmediaciones.<\/span><\/p>\n<p class=\"western\" style=\"text-align: justify;\" align=\"justify\"><span style=\"font-size: medium;\">En su comunicado, el Albergue se\u00f1ala que dicho <\/span><span style=\"font-size: medium;\">incidente y la violencia que se ha generalizado en el pa\u00eds y en el Estado ha generado un clima de incertidumbre y temor para la comunidad Ferrocarrilera y Colonias aleda\u00f1as, por lo que solicit\u00f3 la intervenci\u00f3n de otras instituciones para monitorear la seguridad en la zona especialmente entorno al espacio de asistencia humanitaria que ofrece el albergue \u201cLa Sagrada Familia\u201d.<\/span><\/p>\n<p class=\"western\" style=\"text-align: justify;\" align=\"justify\"><span style=\"font-size: medium;\">La Ombudsperson, Jakqueline Ordo\u00f1ez Brasdefer, indic\u00f3 que en ese contexto es obligaci\u00f3n del Estado, a trav\u00e9s de la Secretar\u00eda de Seguridad Ciudadana y de la Direcci\u00f3n de Seguridad P\u00fablica, Vialidad y Transporte del Municipio de Apizaco, brindar a la ciudadan\u00eda, acciones preventivas de seguridad p\u00fablica, para que evitar acciones posiblemente delictivas, garantizando un ambiente sano y de paz social, de integridad f\u00edsica y de confianza en sus instituciones policiales.<\/span><\/p>\n<p class=\"western\" style=\"text-align: justify;\" align=\"justify\"><span style=\"font-size: medium;\">Por tal raz\u00f3n, la Comisi\u00f3n solicita que las autoridades se\u00f1aladas adopten, de manera urgente, las medidas cautelares emitidas<\/span><span style=\"color: #000000;\"><span style=\"font-size: medium;\">, para que garanticen los derechos humanos de las personas migrantes, as\u00ed como de la poblaci\u00f3n en general que vive y transita por las privadas de \u00c1lvaro Obreg\u00f3n de la Colonia Ferrocarrilera de Apizaco y <\/span><\/span><span style=\"color: #000000;\"><span style=\"font-size: medium;\"><span lang=\"es-ES\">que se realicen los <\/span><\/span><\/span><span style=\"color: #000000;\"><span style=\"font-size: medium;\">rondines necesarios en dichas v\u00edas, adem\u00e1s de acudir de forma inmediata al llamado de cualquier persona que se encuentre en situaci\u00f3n de riesgo a su integridad f\u00edsica.<\/span><\/span><\/p>\n<p class=\"western\" style=\"text-align: justify;\" align=\"justify\"><span style=\"color: #000000;\"><span style=\"font-size: medium;\">Otra medida es que instruya a quien corresponda, a efecto de que la Direcci\u00f3n de Seguridad P\u00fablica, Vialidad y Transporte del Municipio de Apizaco, Tlaxcala, genere canales de comunicaci\u00f3n y coordinaci\u00f3n con la Secretar\u00eda de Seguridad Ciudadana para garantizar y salvaguardar los derechos de las personas migrantes y de la poblaci\u00f3n en general que vive y transita por las privadas de \u00c1lvaro Obreg\u00f3n de la Colonia Ferrocarrilera.<\/span><\/span><\/p>\n<p class=\"western\" style=\"text-align: justify;\" align=\"justify\"><span style=\"color: #000000;\"><span style=\"font-size: medium;\">Atendiendo la solicitud del Albergue de Migrantes en su comunicado, las medidas cautelares incluyen instruir al Sistema Municipal del Desarrollo Integral de la Familia, para que, de acuerdo con sus facultades, genere pol\u00edticas p\u00fablicas en favor de las personas en se encuentran en situaci\u00f3n de calle, principalmente las que se localizan en los alrededores de las Privadas: Primera, Segunda, Tercera y Cuarta de la privada de \u00c1lvaro Obreg\u00f3n de Apizaco.<\/span><\/span><\/p>\n<p class=\"western\" style=\"text-align: justify;\" align=\"justify\"><span style=\"color: #000000;\"><span style=\"font-size: medium;\">La presidenta de la CEDHT indic\u00f3 que las autoridades a quienes se les emitieron las medidas cautelares tienen 3 d\u00edas naturales, posteriores a la notificaci\u00f3n de la misma, para informar si las adoptar\u00e1n, anexando el soporte documental que as\u00ed lo acredite; en caso de no adoptarlas, se puede emitir una recomendaci\u00f3n para fincar responsabilidades a quienes corresponda.\u00a0<\/span><\/span><\/p>\n<p align=\"justify\"><img loading=\"lazy\" decoding=\"async\" class=\"alignnone size-full wp-image-28405\" src=\"https:\/\/labestiapolitica.com.mx\/wp-content\/uploads\/2024\/06\/U-NOVA-y-se-diferente.png\" alt=\"\" width=\"1000\" height=\"600\" srcset=\"https:\/\/labestiapolitica.com.mx\/wp-content\/uploads\/2024\/06\/U-NOVA-y-se-diferente.png 1000w, https:\/\/labestiapolitica.com.mx\/wp-content\/uploads\/2024\/06\/U-NOVA-y-se-diferente-300x180.png 300w, https:\/\/labestiapolitica.com.mx\/wp-content\/uploads\/2024\/06\/U-NOVA-y-se-diferente-768x461.png 768w\" sizes=\"auto, (max-width: 1000px) 100vw, 1000px\" \/><\/p>\n","protected":false},"excerpt":{"rendered":"<p>Por el hallazgo de posibles restos humanos en las inmediaciones del albergue La Sagrada Familia La Comisi\u00f3n Estatal de Derechos Humanos de Tlaxcala (CEDHT) emiti\u00f3 medidas cautelares al alcalde de Apizaco, Javier Rivera Bonilla y al titular de la Secretar\u00eda de Seguridad Ciudadana, Alberto Mart\u00edn Perea Marrufo, adem\u00e1s radic\u00f3 la queja de oficio 01\/2025\/SVG-RN, derivado [&hellip;]<\/p>\n","protected":false},"author":3,"featured_media":39694,"comment_status":"open","ping_status":"open","sticky":false,"template":"","format":"standard","meta":{"footnotes":""},"categories":[12,232],"tags":[],"class_list":["post-39693","post","type-post","status-publish","format-standard","has-post-thumbnail","hentry","category-brujula-2026","category-derechos-humanos-tlaxcala"],"amp_enabled":true,"_links":{"self":[{"href":"https:\/\/labestiapolitica.com.mx\/index.php?rest_route=\/wp\/v2\/posts\/39693","targetHints":{"allow":["GET"]}}],"collection":[{"href":"https:\/\/labestiapolitica.com.mx\/index.php?rest_route=\/wp\/v2\/posts"}],"about":[{"href":"https:\/\/labestiapolitica.com.mx\/index.php?rest_route=\/wp\/v2\/types\/post"}],"author":[{"embeddable":true,"href":"https:\/\/labestiapolitica.com.mx\/index.php?rest_route=\/wp\/v2\/users\/3"}],"replies":[{"embeddable":true,"href":"https:\/\/labestiapolitica.com.mx\/index.php?rest_route=%2Fwp%2Fv2%2Fcomments&post=39693"}],"version-history":[{"count":3,"href":"https:\/\/labestiapolitica.com.mx\/index.php?rest_route=\/wp\/v2\/posts\/39693\/revisions"}],"predecessor-version":[{"id":39713,"href":"https:\/\/labestiapolitica.com.mx\/index.php?rest_route=\/wp\/v2\/posts\/39693\/revisions\/39713"}],"wp:featuredmedia":[{"embeddable":true,"href":"https:\/\/labestiapolitica.com.mx\/index.php?rest_route=\/wp\/v2\/media\/39694"}],"wp:attachment":[{"href":"https:\/\/labestiapolitica.com.mx\/index.php?rest_route=%2Fwp%2Fv2%2Fmedia&parent=39693"}],"wp:term":[{"taxonomy":"category","embeddable":true,"href":"https:\/\/labestiapolitica.com.mx\/index.php?rest_route=%2Fwp%2Fv2%2Fcategories&post=39693"},{"taxonomy":"post_tag","embeddable":true,"href":"https:\/\/labestiapolitica.com.mx\/index.php?rest_route=%2Fwp%2Fv2%2Ftags&post=39693"}],"curies":[{"name":"wp","href":"https:\/\/api.w.org\/{rel}","templated":true}]}}