{"id":39734,"date":"2025-04-02T14:36:51","date_gmt":"2025-04-02T20:36:51","guid":{"rendered":"https:\/\/labestiapolitica.com.mx\/?p=39734"},"modified":"2025-04-02T21:33:14","modified_gmt":"2025-04-03T03:33:14","slug":"propone-ana-lilia-rivera-duplicar-penas-por-tala-ilegal-y-sumar-a-la-sedena-en-defensa-de-los-bosques","status":"publish","type":"post","link":"https:\/\/labestiapolitica.com.mx\/?p=39734","title":{"rendered":"Propone Ana Lilia Rivera duplicar penas por tala ilegal y sumar a la SEDENA en defensa de los bosques"},"content":{"rendered":"<p class=\"\" style=\"text-align: justify;\" data-start=\"236\" data-end=\"403\"><em data-start=\"236\" data-end=\"403\">Senadoras y senadores de todas las bancadas respaldan la iniciativa de la legisladora tlaxcalteca para fortalecer el marco legal y la protecci\u00f3n ambiental en M\u00e9xico.<\/em><\/p>\n<p class=\"\" style=\"text-align: justify;\" data-start=\"405\" data-end=\"924\">Ciudad de M\u00e9xico, 2 de abril de 2025.\u2013 Ante el creciente problema de tala ilegal que afecta a los bosques del pa\u00eds, la senadora Ana Lilia Rivera Rivera present\u00f3 una iniciativa para reformar el C\u00f3digo Penal Federal y la Ley General del Equilibrio Ecol\u00f3gico y la Protecci\u00f3n al Ambiente, con el objetivo de duplicar las penas para quienes cometan este delito y establecer una coordinaci\u00f3n obligatoria entre autoridades ambientales y cuerpos de seguridad p\u00fablica, incluyendo a la Secretar\u00eda de la Defensa Nacional (SEDENA).<\/p>\n<p class=\"\" style=\"text-align: justify;\" data-start=\"926\" data-end=\"1191\">La propuesta fue bien recibida por legisladoras y legisladores de todas las fracciones parlamentarias representadas en el Senado, quienes reconocieron el compromiso de la senadora originaria de Tlaxcala con la defensa del medio ambiente y el combate a la impunidad.<\/p>\n<p class=\"\" style=\"text-align: justify;\" data-start=\"1193\" data-end=\"1519\">Rivera Rivera dedic\u00f3 su iniciativa a las y los pobladores, ejidatarios e ingenieros forestales que han luchado contra la tala clandestina en la monta\u00f1a La Malinche (Matlalcu\u00e9yetl), en el estado de Tlaxcala, y advirti\u00f3 que este delito se ha convertido en una de las mayores amenazas ambientales, sociales y econ\u00f3micas del pa\u00eds.<\/p>\n<blockquote data-start=\"1521\" data-end=\"1797\">\n<p class=\"\" data-start=\"1523\" data-end=\"1797\">\u201cNo se trata solamente de \u00e1rboles cortados ilegalmente; se trata de comunidades vulneradas, de recursos naturales saqueados, de ecosistemas que colapsan y de una econom\u00eda criminal que crece al amparo de la impunidad y la corrupci\u00f3n\u201d, expres\u00f3 la legisladora desde la tribuna.<\/p>\n<\/blockquote>\n<p class=\"\" style=\"text-align: justify;\" data-start=\"1799\" data-end=\"2157\">La iniciativa contempla reformar los art\u00edculos 418 y 419 del C\u00f3digo Penal Federal para <strong data-start=\"1886\" data-end=\"1917\">duplicar las penas actuales<\/strong>, que hoy van de uno a doce a\u00f1os de prisi\u00f3n, dependiendo de la gravedad del delito. Las nuevas sanciones se aplicar\u00edan con mayor severidad en casos relacionados con \u00e1reas naturales protegidas, uso de violencia o v\u00ednculos con fines de lucro.<\/p>\n<p class=\"\" style=\"text-align: justify;\" data-start=\"2159\" data-end=\"2650\">Adem\u00e1s, propone <strong data-start=\"2175\" data-end=\"2257\">reformas a la Ley General del Equilibrio Ecol\u00f3gico y la Protecci\u00f3n al Ambiente<\/strong> para establecer una <strong data-start=\"2278\" data-end=\"2325\">coordinaci\u00f3n interinstitucional obligatoria<\/strong> entre autoridades ambientales y cuerpos de seguridad como la Guardia Nacional y la SEDENA, particularmente en zonas de alto riesgo. Tambi\u00e9n se prev\u00e9 que la Guardia Nacional pueda participar formalmente en operativos de vigilancia, desmantelamiento de centros clandestinos y protecci\u00f3n de defensoras y defensores ambientales.<\/p>\n<p class=\"\" style=\"text-align: justify;\" data-start=\"2652\" data-end=\"2990\">Otra de las novedades de la propuesta es la actualizaci\u00f3n del Sistema Nacional de Monitoreo Forestal, con el fin de convertirlo en una herramienta electr\u00f3nica <strong data-start=\"2811\" data-end=\"2859\">obligatoria, transparente y georreferenciada<\/strong>, que permita <strong data-start=\"2873\" data-end=\"2954\">seguir la trazabilidad de la madera desde su origen hasta su comercializaci\u00f3n<\/strong>, cerrando espacios a la ilegalidad.<\/p>\n<blockquote data-start=\"2992\" data-end=\"3358\">\n<p class=\"\" data-start=\"2994\" data-end=\"3358\">\u201cNo podemos seguir tolerando que entre el 30 y el 70 % de la madera que circula en nuestro pa\u00eds tenga un origen ilegal o no verificable\u201d, afirm\u00f3 Rivera. \u201cTampoco podemos quedarnos de brazos cruzados mientras nuestras autoridades ambientales carecen de los recursos y respaldo institucional para enfrentar a quienes destruyen nuestro patrimonio natural\u201d, sentenci\u00f3.<\/p>\n<\/blockquote>\n<p class=\"\" style=\"text-align: justify;\" data-start=\"3360\" data-end=\"3572\">La propuesta se turn\u00f3 a comisiones para su an\u00e1lisis y dictaminaci\u00f3n, en un contexto donde diversas organizaciones civiles y expertos han alertado sobre la relaci\u00f3n entre tala ilegal y redes del crimen organizado.<\/p>\n","protected":false},"excerpt":{"rendered":"<p>Senadoras y senadores de todas las bancadas respaldan la iniciativa de la legisladora tlaxcalteca para fortalecer el marco legal y la protecci\u00f3n ambiental en M\u00e9xico. Ciudad de M\u00e9xico, 2 de abril de 2025.\u2013 Ante el creciente problema de tala ilegal que afecta a los bosques del pa\u00eds, la senadora Ana Lilia Rivera Rivera present\u00f3 una [&hellip;]<\/p>\n","protected":false},"author":3,"featured_media":39735,"comment_status":"open","ping_status":"open","sticky":false,"template":"","format":"standard","meta":{"footnotes":""},"categories":[12,7],"tags":[],"class_list":["post-39734","post","type-post","status-publish","format-standard","has-post-thumbnail","hentry","category-brujula-2026","category-ciudadanos"],"amp_enabled":true,"_links":{"self":[{"href":"https:\/\/labestiapolitica.com.mx\/index.php?rest_route=\/wp\/v2\/posts\/39734","targetHints":{"allow":["GET"]}}],"collection":[{"href":"https:\/\/labestiapolitica.com.mx\/index.php?rest_route=\/wp\/v2\/posts"}],"about":[{"href":"https:\/\/labestiapolitica.com.mx\/index.php?rest_route=\/wp\/v2\/types\/post"}],"author":[{"embeddable":true,"href":"https:\/\/labestiapolitica.com.mx\/index.php?rest_route=\/wp\/v2\/users\/3"}],"replies":[{"embeddable":true,"href":"https:\/\/labestiapolitica.com.mx\/index.php?rest_route=%2Fwp%2Fv2%2Fcomments&post=39734"}],"version-history":[{"count":1,"href":"https:\/\/labestiapolitica.com.mx\/index.php?rest_route=\/wp\/v2\/posts\/39734\/revisions"}],"predecessor-version":[{"id":39736,"href":"https:\/\/labestiapolitica.com.mx\/index.php?rest_route=\/wp\/v2\/posts\/39734\/revisions\/39736"}],"wp:featuredmedia":[{"embeddable":true,"href":"https:\/\/labestiapolitica.com.mx\/index.php?rest_route=\/wp\/v2\/media\/39735"}],"wp:attachment":[{"href":"https:\/\/labestiapolitica.com.mx\/index.php?rest_route=%2Fwp%2Fv2%2Fmedia&parent=39734"}],"wp:term":[{"taxonomy":"category","embeddable":true,"href":"https:\/\/labestiapolitica.com.mx\/index.php?rest_route=%2Fwp%2Fv2%2Fcategories&post=39734"},{"taxonomy":"post_tag","embeddable":true,"href":"https:\/\/labestiapolitica.com.mx\/index.php?rest_route=%2Fwp%2Fv2%2Ftags&post=39734"}],"curies":[{"name":"wp","href":"https:\/\/api.w.org\/{rel}","templated":true}]}}