{"id":39738,"date":"2025-04-03T15:37:59","date_gmt":"2025-04-03T21:37:59","guid":{"rendered":"https:\/\/labestiapolitica.com.mx\/?p=39738"},"modified":"2025-04-03T15:37:59","modified_gmt":"2025-04-03T21:37:59","slug":"exito-en-el-tianguis-municipal-de-tocatlan-productos-frescos-y-artesanales-para-la-comunidad","status":"publish","type":"post","link":"https:\/\/labestiapolitica.com.mx\/?p=39738","title":{"rendered":"\u00c9xito en el Tianguis Municipal de Tocatl\u00e1n: Productos frescos y artesanales para la comunidad."},"content":{"rendered":"<div class=\"xdj266r x11i5rnm xat24cr x1mh8g0r x1vvkbs x126k92a\">\n<div dir=\"auto\" style=\"text-align: justify;\">Hoy, en el Tianguis Municipal de Tocatl\u00e1n, productores locales tuvieron la oportunidad de exhibir y vender sus productos frescos y artesanales. Este evento no solo impulsa la econom\u00eda local, sino que tambi\u00e9n fomenta el consumo de productos naturales y hechos a mano.<\/div>\n<\/div>\n<div class=\"x11i5rnm xat24cr x1mh8g0r x1vvkbs xtlvy1s x126k92a\">\n<div dir=\"auto\" style=\"text-align: justify;\">Desde frutas y verduras reci\u00e9n cosechadas hasta alimentos preparados, textiles y artesan\u00edas, los asistentes pudieron disfrutar de una gran variedad de opciones. Agradecemos a todos los productores y visitantes por su participaci\u00f3n y apoyo, fortaleciendo as\u00ed el comercio local y la tradici\u00f3n del tianguis en nuestra comunidad.<\/div>\n<\/div>\n<div dir=\"auto\"><\/div>\n<div dir=\"auto\"><img loading=\"lazy\" decoding=\"async\" class=\"alignnone size-full wp-image-28405\" src=\"https:\/\/labestiapolitica.com.mx\/wp-content\/uploads\/2024\/06\/U-NOVA-y-se-diferente.png\" alt=\"\" width=\"1000\" height=\"600\" srcset=\"https:\/\/labestiapolitica.com.mx\/wp-content\/uploads\/2024\/06\/U-NOVA-y-se-diferente.png 1000w, https:\/\/labestiapolitica.com.mx\/wp-content\/uploads\/2024\/06\/U-NOVA-y-se-diferente-300x180.png 300w, https:\/\/labestiapolitica.com.mx\/wp-content\/uploads\/2024\/06\/U-NOVA-y-se-diferente-768x461.png 768w\" sizes=\"auto, (max-width: 1000px) 100vw, 1000px\" \/><\/div>\n<div dir=\"auto\"><\/div>\n<div dir=\"auto\"><\/div>\n","protected":false},"excerpt":{"rendered":"<p>Hoy, en el Tianguis Municipal de Tocatl\u00e1n, productores locales tuvieron la oportunidad de exhibir y vender sus productos frescos y artesanales. Este evento no solo impulsa la econom\u00eda local, sino que tambi\u00e9n fomenta el consumo de productos naturales y hechos a mano. Desde frutas y verduras reci\u00e9n cosechadas hasta alimentos preparados, textiles y artesan\u00edas, los [&hellip;]<\/p>\n","protected":false},"author":3,"featured_media":39810,"comment_status":"open","ping_status":"open","sticky":false,"template":"","format":"standard","meta":{"footnotes":""},"categories":[7,216,221],"tags":[],"class_list":["post-39738","post","type-post","status-publish","format-standard","has-post-thumbnail","hentry","category-ciudadanos","category-municipios","category-tocatlan"],"amp_enabled":true,"_links":{"self":[{"href":"https:\/\/labestiapolitica.com.mx\/index.php?rest_route=\/wp\/v2\/posts\/39738","targetHints":{"allow":["GET"]}}],"collection":[{"href":"https:\/\/labestiapolitica.com.mx\/index.php?rest_route=\/wp\/v2\/posts"}],"about":[{"href":"https:\/\/labestiapolitica.com.mx\/index.php?rest_route=\/wp\/v2\/types\/post"}],"author":[{"embeddable":true,"href":"https:\/\/labestiapolitica.com.mx\/index.php?rest_route=\/wp\/v2\/users\/3"}],"replies":[{"embeddable":true,"href":"https:\/\/labestiapolitica.com.mx\/index.php?rest_route=%2Fwp%2Fv2%2Fcomments&post=39738"}],"version-history":[{"count":1,"href":"https:\/\/labestiapolitica.com.mx\/index.php?rest_route=\/wp\/v2\/posts\/39738\/revisions"}],"predecessor-version":[{"id":39811,"href":"https:\/\/labestiapolitica.com.mx\/index.php?rest_route=\/wp\/v2\/posts\/39738\/revisions\/39811"}],"wp:featuredmedia":[{"embeddable":true,"href":"https:\/\/labestiapolitica.com.mx\/index.php?rest_route=\/wp\/v2\/media\/39810"}],"wp:attachment":[{"href":"https:\/\/labestiapolitica.com.mx\/index.php?rest_route=%2Fwp%2Fv2%2Fmedia&parent=39738"}],"wp:term":[{"taxonomy":"category","embeddable":true,"href":"https:\/\/labestiapolitica.com.mx\/index.php?rest_route=%2Fwp%2Fv2%2Fcategories&post=39738"},{"taxonomy":"post_tag","embeddable":true,"href":"https:\/\/labestiapolitica.com.mx\/index.php?rest_route=%2Fwp%2Fv2%2Ftags&post=39738"}],"curies":[{"name":"wp","href":"https:\/\/api.w.org\/{rel}","templated":true}]}}