{"id":39761,"date":"2025-04-03T00:50:44","date_gmt":"2025-04-03T06:50:44","guid":{"rendered":"https:\/\/labestiapolitica.com.mx\/?p=39761"},"modified":"2025-04-03T00:50:44","modified_gmt":"2025-04-03T06:50:44","slug":"fortalecen-el-campo-de-tetla-con-entrega-de-vales-de-semilla-hibrida","status":"publish","type":"post","link":"https:\/\/labestiapolitica.com.mx\/?p=39761","title":{"rendered":"Fortalecen el campo de Tetla con entrega de Vales de semilla h\u00edbrida."},"content":{"rendered":"<p style=\"text-align: justify;\">Con el firme compromiso de fortalecer el campo y apoyar a los productores locales, el presidente municipal, Lic. Giovani Montiel L\u00f3pez, en coordinaci\u00f3n con el director de Desarrollo Agropecuario, encabez\u00f3 la primera jornada de entrega de vales de semilla h\u00edbrida en el Auditorio Municipal de Tetla de la Solidaridad.<\/p>\n<p style=\"text-align: justify;\">Este programa busca impulsar la productividad agr\u00edcola en el municipio, brindando insumos de calidad a los productores para mejorar sus cosechas y fortalecer la econom\u00eda rural.<\/p>\n<p style=\"text-align: justify;\">El Gobierno Municipal reafirma su compromiso con el sector agropecuario, promoviendo acciones que generen bienestar y desarrollo para las familias del campo.<\/p>\n<p style=\"text-align: justify;\">#GobiernoQueCumpleyGeneraBienestar\u2705<\/p>\n<p>&nbsp;<\/p>\n<p><img loading=\"lazy\" decoding=\"async\" class=\"alignnone size-full wp-image-28405\" src=\"https:\/\/labestiapolitica.com.mx\/wp-content\/uploads\/2024\/06\/U-NOVA-y-se-diferente.png\" alt=\"\" width=\"1000\" height=\"600\" srcset=\"https:\/\/labestiapolitica.com.mx\/wp-content\/uploads\/2024\/06\/U-NOVA-y-se-diferente.png 1000w, https:\/\/labestiapolitica.com.mx\/wp-content\/uploads\/2024\/06\/U-NOVA-y-se-diferente-300x180.png 300w, https:\/\/labestiapolitica.com.mx\/wp-content\/uploads\/2024\/06\/U-NOVA-y-se-diferente-768x461.png 768w\" sizes=\"auto, (max-width: 1000px) 100vw, 1000px\" \/><\/p>\n","protected":false},"excerpt":{"rendered":"<p>Con el firme compromiso de fortalecer el campo y apoyar a los productores locales, el presidente municipal, Lic. Giovani Montiel L\u00f3pez, en coordinaci\u00f3n con el director de Desarrollo Agropecuario, encabez\u00f3 la primera jornada de entrega de vales de semilla h\u00edbrida en el Auditorio Municipal de Tetla de la Solidaridad. Este programa busca impulsar la productividad [&hellip;]<\/p>\n","protected":false},"author":3,"featured_media":39762,"comment_status":"open","ping_status":"open","sticky":false,"template":"","format":"standard","meta":{"footnotes":""},"categories":[7,216,227],"tags":[],"class_list":["post-39761","post","type-post","status-publish","format-standard","has-post-thumbnail","hentry","category-ciudadanos","category-municipios","category-tetla"],"amp_enabled":true,"_links":{"self":[{"href":"https:\/\/labestiapolitica.com.mx\/index.php?rest_route=\/wp\/v2\/posts\/39761","targetHints":{"allow":["GET"]}}],"collection":[{"href":"https:\/\/labestiapolitica.com.mx\/index.php?rest_route=\/wp\/v2\/posts"}],"about":[{"href":"https:\/\/labestiapolitica.com.mx\/index.php?rest_route=\/wp\/v2\/types\/post"}],"author":[{"embeddable":true,"href":"https:\/\/labestiapolitica.com.mx\/index.php?rest_route=\/wp\/v2\/users\/3"}],"replies":[{"embeddable":true,"href":"https:\/\/labestiapolitica.com.mx\/index.php?rest_route=%2Fwp%2Fv2%2Fcomments&post=39761"}],"version-history":[{"count":1,"href":"https:\/\/labestiapolitica.com.mx\/index.php?rest_route=\/wp\/v2\/posts\/39761\/revisions"}],"predecessor-version":[{"id":39763,"href":"https:\/\/labestiapolitica.com.mx\/index.php?rest_route=\/wp\/v2\/posts\/39761\/revisions\/39763"}],"wp:featuredmedia":[{"embeddable":true,"href":"https:\/\/labestiapolitica.com.mx\/index.php?rest_route=\/wp\/v2\/media\/39762"}],"wp:attachment":[{"href":"https:\/\/labestiapolitica.com.mx\/index.php?rest_route=%2Fwp%2Fv2%2Fmedia&parent=39761"}],"wp:term":[{"taxonomy":"category","embeddable":true,"href":"https:\/\/labestiapolitica.com.mx\/index.php?rest_route=%2Fwp%2Fv2%2Fcategories&post=39761"},{"taxonomy":"post_tag","embeddable":true,"href":"https:\/\/labestiapolitica.com.mx\/index.php?rest_route=%2Fwp%2Fv2%2Ftags&post=39761"}],"curies":[{"name":"wp","href":"https:\/\/api.w.org\/{rel}","templated":true}]}}