{"id":39770,"date":"2025-04-03T13:59:56","date_gmt":"2025-04-03T19:59:56","guid":{"rendered":"https:\/\/labestiapolitica.com.mx\/?p=39770"},"modified":"2025-04-03T13:59:56","modified_gmt":"2025-04-03T19:59:56","slug":"alfonso-sanchez-garcia-presidente-municipal-de-tlaxcala-impulsa-acciones-para-mejorar-los-espacios-que-fortalecen-el-bienestar-y-desarrollo-del-municipio-%f0%9f%8c%87","status":"publish","type":"post","link":"https:\/\/labestiapolitica.com.mx\/?p=39770","title":{"rendered":"Alfonso S\u00e1nchez Garc\u00eda, presidente municipal de Tlaxcala, impulsa acciones para mejorar los espacios que fortalecen el bienestar y desarrollo del municipio. \ud83c\udf07"},"content":{"rendered":"<p class=\"\" style=\"text-align: justify;\" data-start=\"300\" data-end=\"540\">La Direcci\u00f3n de Obras P\u00fablicas y Desarrollo Urbano dio inicio a la rehabilitaci\u00f3n del rastro municipal, con el objetivo de contar con instalaciones modernas, funcionales y seguras que garanticen un servicio de calidad para la ciudadan\u00eda. \ud83c\udfe2<\/p>\n<p class=\"\" style=\"text-align: justify;\" data-start=\"542\" data-end=\"571\">\u00a1Seguimos trabajando para ti!<\/p>\n<p class=\"\" style=\"text-align: justify;\" data-start=\"573\" data-end=\"747\">#TransformandoTlaxcala #HistoriaQueEscribimosJuntos #TlaxcalaDeXicoht\u00e9ncatl #LaBestiaPoliticaTlaxcalaCapital<br data-start=\"681\" data-end=\"684\" \/>@Tlaxcala de Xicoht\u00e9ncatl 2024-2027<br data-start=\"719\" data-end=\"722\" \/>@alfonsosanchezgarcia.tlx<\/p>\n<p data-start=\"573\" data-end=\"747\"><img loading=\"lazy\" decoding=\"async\" class=\"alignnone size-full wp-image-39771\" src=\"https:\/\/labestiapolitica.com.mx\/wp-content\/uploads\/2025\/04\/2-4.png\" alt=\"\" width=\"2000\" height=\"1200\" srcset=\"https:\/\/labestiapolitica.com.mx\/wp-content\/uploads\/2025\/04\/2-4.png 2000w, https:\/\/labestiapolitica.com.mx\/wp-content\/uploads\/2025\/04\/2-4-300x180.png 300w, https:\/\/labestiapolitica.com.mx\/wp-content\/uploads\/2025\/04\/2-4-1024x614.png 1024w, https:\/\/labestiapolitica.com.mx\/wp-content\/uploads\/2025\/04\/2-4-768x461.png 768w, https:\/\/labestiapolitica.com.mx\/wp-content\/uploads\/2025\/04\/2-4-1536x922.png 1536w\" sizes=\"auto, (max-width: 2000px) 100vw, 2000px\" \/><\/p>\n","protected":false},"excerpt":{"rendered":"<p>La Direcci\u00f3n de Obras P\u00fablicas y Desarrollo Urbano dio inicio a la rehabilitaci\u00f3n del rastro municipal, con el objetivo de contar con instalaciones modernas, funcionales y seguras que garanticen un servicio de calidad para la ciudadan\u00eda. \ud83c\udfe2 \u00a1Seguimos trabajando para ti! #TransformandoTlaxcala #HistoriaQueEscribimosJuntos #TlaxcalaDeXicoht\u00e9ncatl #LaBestiaPoliticaTlaxcalaCapital@Tlaxcala de Xicoht\u00e9ncatl 2024-2027@alfonsosanchezgarcia.tlx<\/p>\n","protected":false},"author":3,"featured_media":39772,"comment_status":"open","ping_status":"open","sticky":false,"template":"","format":"standard","meta":{"footnotes":""},"categories":[216,214],"tags":[],"class_list":["post-39770","post","type-post","status-publish","format-standard","has-post-thumbnail","hentry","category-municipios","category-tlaxcala-capital"],"amp_enabled":true,"_links":{"self":[{"href":"https:\/\/labestiapolitica.com.mx\/index.php?rest_route=\/wp\/v2\/posts\/39770","targetHints":{"allow":["GET"]}}],"collection":[{"href":"https:\/\/labestiapolitica.com.mx\/index.php?rest_route=\/wp\/v2\/posts"}],"about":[{"href":"https:\/\/labestiapolitica.com.mx\/index.php?rest_route=\/wp\/v2\/types\/post"}],"author":[{"embeddable":true,"href":"https:\/\/labestiapolitica.com.mx\/index.php?rest_route=\/wp\/v2\/users\/3"}],"replies":[{"embeddable":true,"href":"https:\/\/labestiapolitica.com.mx\/index.php?rest_route=%2Fwp%2Fv2%2Fcomments&post=39770"}],"version-history":[{"count":1,"href":"https:\/\/labestiapolitica.com.mx\/index.php?rest_route=\/wp\/v2\/posts\/39770\/revisions"}],"predecessor-version":[{"id":39773,"href":"https:\/\/labestiapolitica.com.mx\/index.php?rest_route=\/wp\/v2\/posts\/39770\/revisions\/39773"}],"wp:featuredmedia":[{"embeddable":true,"href":"https:\/\/labestiapolitica.com.mx\/index.php?rest_route=\/wp\/v2\/media\/39772"}],"wp:attachment":[{"href":"https:\/\/labestiapolitica.com.mx\/index.php?rest_route=%2Fwp%2Fv2%2Fmedia&parent=39770"}],"wp:term":[{"taxonomy":"category","embeddable":true,"href":"https:\/\/labestiapolitica.com.mx\/index.php?rest_route=%2Fwp%2Fv2%2Fcategories&post=39770"},{"taxonomy":"post_tag","embeddable":true,"href":"https:\/\/labestiapolitica.com.mx\/index.php?rest_route=%2Fwp%2Fv2%2Ftags&post=39770"}],"curies":[{"name":"wp","href":"https:\/\/api.w.org\/{rel}","templated":true}]}}