{"id":39774,"date":"2025-04-03T14:11:48","date_gmt":"2025-04-03T20:11:48","guid":{"rendered":"https:\/\/labestiapolitica.com.mx\/?p=39774"},"modified":"2025-04-03T14:11:48","modified_gmt":"2025-04-03T20:11:48","slug":"%f0%9f%8c%8a-alfonso-sanchez-garcia-presidente-municipal-de-tlaxcala-junto-a-la-gobernadora-lorena-cuellar-superviso-los-avances-en-la-restauracion-de-la-laguna-de-acuitlapilco-reafirmando-su-comp","status":"publish","type":"post","link":"https:\/\/labestiapolitica.com.mx\/?p=39774","title":{"rendered":"\ud83c\udf0a Alfonso S\u00e1nchez Garc\u00eda, presidente municipal de Tlaxcala, junto a la gobernadora Lorena Cu\u00e9llar, supervis\u00f3 los avances en la restauraci\u00f3n de la Laguna de Acuitlapilco, reafirmando su compromiso con el medio ambiente."},"content":{"rendered":"<p class=\"\" data-start=\"315\" data-end=\"493\">Como parte de estas acciones, se entregaron tres puentes peatonales que mejoran el acceso y delimitan la zona, fortaleciendo la protecci\u00f3n de este importante cuerpo de agua. \ud83d\udca7<\/p>\n<p class=\"\" data-start=\"495\" data-end=\"559\">Trabajemos juntos por un Tlaxcala m\u00e1s limpio y sustentable. \u267b\ufe0f<\/p>\n<p class=\"\" data-start=\"561\" data-end=\"738\">#JuntosPorElMedioAmbiente #HistoriaQueEscribimosJuntos #TlaxcalaDeXicoht\u00e9ncatl #LaBestiaPoliticaTlaxcalaCapital<br data-start=\"672\" data-end=\"675\" \/>@Tlaxcala de Xicoht\u00e9ncatl 2024-2027<br data-start=\"710\" data-end=\"713\" \/>@alfonsosanchezgarcia.tlx<\/p>\n<p data-start=\"561\" data-end=\"738\"><img loading=\"lazy\" decoding=\"async\" class=\"alignnone size-full wp-image-39776\" src=\"https:\/\/labestiapolitica.com.mx\/wp-content\/uploads\/2025\/04\/2-5.png\" alt=\"\" width=\"2000\" height=\"1200\" srcset=\"https:\/\/labestiapolitica.com.mx\/wp-content\/uploads\/2025\/04\/2-5.png 2000w, https:\/\/labestiapolitica.com.mx\/wp-content\/uploads\/2025\/04\/2-5-300x180.png 300w, https:\/\/labestiapolitica.com.mx\/wp-content\/uploads\/2025\/04\/2-5-1024x614.png 1024w, https:\/\/labestiapolitica.com.mx\/wp-content\/uploads\/2025\/04\/2-5-768x461.png 768w, https:\/\/labestiapolitica.com.mx\/wp-content\/uploads\/2025\/04\/2-5-1536x922.png 1536w\" sizes=\"auto, (max-width: 2000px) 100vw, 2000px\" \/> <img loading=\"lazy\" decoding=\"async\" class=\"alignnone size-full wp-image-39777\" src=\"https:\/\/labestiapolitica.com.mx\/wp-content\/uploads\/2025\/04\/3-2.png\" alt=\"\" width=\"2000\" height=\"1200\" srcset=\"https:\/\/labestiapolitica.com.mx\/wp-content\/uploads\/2025\/04\/3-2.png 2000w, https:\/\/labestiapolitica.com.mx\/wp-content\/uploads\/2025\/04\/3-2-300x180.png 300w, https:\/\/labestiapolitica.com.mx\/wp-content\/uploads\/2025\/04\/3-2-1024x614.png 1024w, https:\/\/labestiapolitica.com.mx\/wp-content\/uploads\/2025\/04\/3-2-768x461.png 768w, https:\/\/labestiapolitica.com.mx\/wp-content\/uploads\/2025\/04\/3-2-1536x922.png 1536w\" sizes=\"auto, (max-width: 2000px) 100vw, 2000px\" \/> <img loading=\"lazy\" decoding=\"async\" class=\"alignnone size-full wp-image-39778\" src=\"https:\/\/labestiapolitica.com.mx\/wp-content\/uploads\/2025\/04\/4-1.png\" alt=\"\" width=\"2000\" height=\"1200\" srcset=\"https:\/\/labestiapolitica.com.mx\/wp-content\/uploads\/2025\/04\/4-1.png 2000w, https:\/\/labestiapolitica.com.mx\/wp-content\/uploads\/2025\/04\/4-1-300x180.png 300w, https:\/\/labestiapolitica.com.mx\/wp-content\/uploads\/2025\/04\/4-1-1024x614.png 1024w, https:\/\/labestiapolitica.com.mx\/wp-content\/uploads\/2025\/04\/4-1-768x461.png 768w, https:\/\/labestiapolitica.com.mx\/wp-content\/uploads\/2025\/04\/4-1-1536x922.png 1536w\" sizes=\"auto, (max-width: 2000px) 100vw, 2000px\" \/><\/p>\n<p data-start=\"561\" data-end=\"738\">\n","protected":false},"excerpt":{"rendered":"<p>Como parte de estas acciones, se entregaron tres puentes peatonales que mejoran el acceso y delimitan la zona, fortaleciendo la protecci\u00f3n de este importante cuerpo de agua. \ud83d\udca7 Trabajemos juntos por un Tlaxcala m\u00e1s limpio y sustentable. \u267b\ufe0f #JuntosPorElMedioAmbiente #HistoriaQueEscribimosJuntos #TlaxcalaDeXicoht\u00e9ncatl #LaBestiaPoliticaTlaxcalaCapital@Tlaxcala de Xicoht\u00e9ncatl 2024-2027@alfonsosanchezgarcia.tlx<\/p>\n","protected":false},"author":3,"featured_media":39775,"comment_status":"open","ping_status":"open","sticky":false,"template":"","format":"standard","meta":{"footnotes":""},"categories":[216,214],"tags":[],"class_list":["post-39774","post","type-post","status-publish","format-standard","has-post-thumbnail","hentry","category-municipios","category-tlaxcala-capital"],"amp_enabled":true,"_links":{"self":[{"href":"https:\/\/labestiapolitica.com.mx\/index.php?rest_route=\/wp\/v2\/posts\/39774","targetHints":{"allow":["GET"]}}],"collection":[{"href":"https:\/\/labestiapolitica.com.mx\/index.php?rest_route=\/wp\/v2\/posts"}],"about":[{"href":"https:\/\/labestiapolitica.com.mx\/index.php?rest_route=\/wp\/v2\/types\/post"}],"author":[{"embeddable":true,"href":"https:\/\/labestiapolitica.com.mx\/index.php?rest_route=\/wp\/v2\/users\/3"}],"replies":[{"embeddable":true,"href":"https:\/\/labestiapolitica.com.mx\/index.php?rest_route=%2Fwp%2Fv2%2Fcomments&post=39774"}],"version-history":[{"count":1,"href":"https:\/\/labestiapolitica.com.mx\/index.php?rest_route=\/wp\/v2\/posts\/39774\/revisions"}],"predecessor-version":[{"id":39779,"href":"https:\/\/labestiapolitica.com.mx\/index.php?rest_route=\/wp\/v2\/posts\/39774\/revisions\/39779"}],"wp:featuredmedia":[{"embeddable":true,"href":"https:\/\/labestiapolitica.com.mx\/index.php?rest_route=\/wp\/v2\/media\/39775"}],"wp:attachment":[{"href":"https:\/\/labestiapolitica.com.mx\/index.php?rest_route=%2Fwp%2Fv2%2Fmedia&parent=39774"}],"wp:term":[{"taxonomy":"category","embeddable":true,"href":"https:\/\/labestiapolitica.com.mx\/index.php?rest_route=%2Fwp%2Fv2%2Fcategories&post=39774"},{"taxonomy":"post_tag","embeddable":true,"href":"https:\/\/labestiapolitica.com.mx\/index.php?rest_route=%2Fwp%2Fv2%2Ftags&post=39774"}],"curies":[{"name":"wp","href":"https:\/\/api.w.org\/{rel}","templated":true}]}}