{"id":39783,"date":"2025-04-03T14:46:40","date_gmt":"2025-04-03T20:46:40","guid":{"rendered":"https:\/\/labestiapolitica.com.mx\/?p=39783"},"modified":"2025-04-03T14:46:40","modified_gmt":"2025-04-03T20:46:40","slug":"capacitan-comites-escolares-en-desayunos-nutritivos-en-zacatelco-%f0%9f%a5%97%f0%9f%8d%b2","status":"publish","type":"post","link":"https:\/\/labestiapolitica.com.mx\/?p=39783","title":{"rendered":"Capacitan comit\u00e9s escolares en desayunos nutritivos en Zacatelco \ud83e\udd57\ud83c\udf72"},"content":{"rendered":"<p class=\"\" style=\"text-align: justify;\" data-start=\"212\" data-end=\"446\">El Gobierno Municipal de Zacatelco, en coordinaci\u00f3n con el \u00e1rea de nutrici\u00f3n del SMDIF, llev\u00f3 a cabo con \u00e9xito una feria gastron\u00f3mica en la que se capacit\u00f3 a los comit\u00e9s escolares en la elaboraci\u00f3n de desayunos calientes y saludables.<\/p>\n<p class=\"\" style=\"text-align: justify;\" data-start=\"448\" data-end=\"741\">Gracias al impulso de este programa, nueve escuelas del municipio ya se benefician con desayunos escolares en su modalidad caliente. Adem\u00e1s, todos los participantes recibieron un mandil y cofia como reconocimiento, obsequio de la presidenta honor\u00edfica del SMDIF, Natali Chamorro Garz\u00f3n. \ud83d\udc69\u200d\ud83c\udf73\u2728<\/p>\n<p class=\"\" style=\"text-align: justify;\" data-start=\"743\" data-end=\"916\">Estas acciones refuerzan el compromiso del gobierno local por mejorar la nutrici\u00f3n de la ni\u00f1ez y fomentar h\u00e1bitos alimenticios que contribuyan a su desarrollo integral. \ud83d\udcaa\ud83d\udc9c<\/p>\n<p class=\"\" style=\"text-align: justify;\" data-start=\"918\" data-end=\"1022\">#ZacatelcoFuerteySeguro #LaBestiaPoliticaZacatelco<br data-start=\"968\" data-end=\"971\" \/>@Zacatelco Fuerte y Seguro @Jos\u00e9 Miguel Acatzi Luna<\/p>\n<p data-start=\"918\" data-end=\"1022\"><img loading=\"lazy\" decoding=\"async\" class=\"alignnone size-full wp-image-39785\" src=\"https:\/\/labestiapolitica.com.mx\/wp-content\/uploads\/2025\/04\/2-6.png\" alt=\"\" width=\"2000\" height=\"1200\" srcset=\"https:\/\/labestiapolitica.com.mx\/wp-content\/uploads\/2025\/04\/2-6.png 2000w, https:\/\/labestiapolitica.com.mx\/wp-content\/uploads\/2025\/04\/2-6-300x180.png 300w, https:\/\/labestiapolitica.com.mx\/wp-content\/uploads\/2025\/04\/2-6-1024x614.png 1024w, https:\/\/labestiapolitica.com.mx\/wp-content\/uploads\/2025\/04\/2-6-768x461.png 768w, https:\/\/labestiapolitica.com.mx\/wp-content\/uploads\/2025\/04\/2-6-1536x922.png 1536w\" sizes=\"auto, (max-width: 2000px) 100vw, 2000px\" \/><\/p>\n","protected":false},"excerpt":{"rendered":"<p>El Gobierno Municipal de Zacatelco, en coordinaci\u00f3n con el \u00e1rea de nutrici\u00f3n del SMDIF, llev\u00f3 a cabo con \u00e9xito una feria gastron\u00f3mica en la que se capacit\u00f3 a los comit\u00e9s escolares en la elaboraci\u00f3n de desayunos calientes y saludables. Gracias al impulso de este programa, nueve escuelas del municipio ya se benefician con desayunos escolares [&hellip;]<\/p>\n","protected":false},"author":3,"featured_media":39784,"comment_status":"open","ping_status":"open","sticky":false,"template":"","format":"standard","meta":{"footnotes":""},"categories":[216,217],"tags":[],"class_list":["post-39783","post","type-post","status-publish","format-standard","has-post-thumbnail","hentry","category-municipios","category-zacatelco"],"amp_enabled":true,"_links":{"self":[{"href":"https:\/\/labestiapolitica.com.mx\/index.php?rest_route=\/wp\/v2\/posts\/39783","targetHints":{"allow":["GET"]}}],"collection":[{"href":"https:\/\/labestiapolitica.com.mx\/index.php?rest_route=\/wp\/v2\/posts"}],"about":[{"href":"https:\/\/labestiapolitica.com.mx\/index.php?rest_route=\/wp\/v2\/types\/post"}],"author":[{"embeddable":true,"href":"https:\/\/labestiapolitica.com.mx\/index.php?rest_route=\/wp\/v2\/users\/3"}],"replies":[{"embeddable":true,"href":"https:\/\/labestiapolitica.com.mx\/index.php?rest_route=%2Fwp%2Fv2%2Fcomments&post=39783"}],"version-history":[{"count":1,"href":"https:\/\/labestiapolitica.com.mx\/index.php?rest_route=\/wp\/v2\/posts\/39783\/revisions"}],"predecessor-version":[{"id":39786,"href":"https:\/\/labestiapolitica.com.mx\/index.php?rest_route=\/wp\/v2\/posts\/39783\/revisions\/39786"}],"wp:featuredmedia":[{"embeddable":true,"href":"https:\/\/labestiapolitica.com.mx\/index.php?rest_route=\/wp\/v2\/media\/39784"}],"wp:attachment":[{"href":"https:\/\/labestiapolitica.com.mx\/index.php?rest_route=%2Fwp%2Fv2%2Fmedia&parent=39783"}],"wp:term":[{"taxonomy":"category","embeddable":true,"href":"https:\/\/labestiapolitica.com.mx\/index.php?rest_route=%2Fwp%2Fv2%2Fcategories&post=39783"},{"taxonomy":"post_tag","embeddable":true,"href":"https:\/\/labestiapolitica.com.mx\/index.php?rest_route=%2Fwp%2Fv2%2Ftags&post=39783"}],"curies":[{"name":"wp","href":"https:\/\/api.w.org\/{rel}","templated":true}]}}