{"id":39792,"date":"2025-04-03T15:00:36","date_gmt":"2025-04-03T21:00:36","guid":{"rendered":"https:\/\/labestiapolitica.com.mx\/?p=39792"},"modified":"2025-04-03T15:00:36","modified_gmt":"2025-04-03T21:00:36","slug":"tlaltelulco-firmara-convenio-en-beneficio-de-migrantes","status":"publish","type":"post","link":"https:\/\/labestiapolitica.com.mx\/?p=39792","title":{"rendered":"Tlaltelulco firmar\u00e1 convenio en beneficio de migrantes"},"content":{"rendered":"<p class=\"\" style=\"text-align: justify;\" data-start=\"182\" data-end=\"421\">El Gobierno Municipal de La Magdalena Tlaltelulco, presidido por Roc\u00edo Mel\u00e9ndez Pluma, est\u00e1 por concretar un importante Convenio de Colaboraci\u00f3n con Proyecto Migrante de Dallas, Texas, EUA, y con el Texas Institute for Immigration Studies.<\/p>\n<p class=\"\" style=\"text-align: justify;\" data-start=\"423\" data-end=\"712\">Este acuerdo brindar\u00e1 beneficios directos a ciudadanos tlaltelulquenses y familiares de migrantes, al ofrecer 10 servicios jur\u00eddicos migratorios especializados durante el evento. Una oportunidad \u00fanica para acceder a orientaci\u00f3n profesional y resolver dudas sobre procesos migratorios. \ud83c\udf0e\ud83d\udcdc<\/p>\n<p class=\"\" style=\"text-align: justify;\" data-start=\"714\" data-end=\"912\">#ConvenioDeColaboraci\u00f3n #ServiciosJur\u00eddicosMigratorios #ProyectoMigrante #TexasInstituteForImmigrationStudies<br data-start=\"823\" data-end=\"826\" \/>#LaBestiaPoliticaTlaltelulco @Gobierno Municipal Tlaltelulco 2024-2027 @RocioMelendezP<\/p>\n","protected":false},"excerpt":{"rendered":"<p>El Gobierno Municipal de La Magdalena Tlaltelulco, presidido por Roc\u00edo Mel\u00e9ndez Pluma, est\u00e1 por concretar un importante Convenio de Colaboraci\u00f3n con Proyecto Migrante de Dallas, Texas, EUA, y con el Texas Institute for Immigration Studies. Este acuerdo brindar\u00e1 beneficios directos a ciudadanos tlaltelulquenses y familiares de migrantes, al ofrecer 10 servicios jur\u00eddicos migratorios especializados durante [&hellip;]<\/p>\n","protected":false},"author":3,"featured_media":39793,"comment_status":"open","ping_status":"open","sticky":false,"template":"","format":"standard","meta":{"footnotes":""},"categories":[218,216],"tags":[],"class_list":["post-39792","post","type-post","status-publish","format-standard","has-post-thumbnail","hentry","category-la-magdalena-tlaltelulco","category-municipios"],"amp_enabled":true,"_links":{"self":[{"href":"https:\/\/labestiapolitica.com.mx\/index.php?rest_route=\/wp\/v2\/posts\/39792","targetHints":{"allow":["GET"]}}],"collection":[{"href":"https:\/\/labestiapolitica.com.mx\/index.php?rest_route=\/wp\/v2\/posts"}],"about":[{"href":"https:\/\/labestiapolitica.com.mx\/index.php?rest_route=\/wp\/v2\/types\/post"}],"author":[{"embeddable":true,"href":"https:\/\/labestiapolitica.com.mx\/index.php?rest_route=\/wp\/v2\/users\/3"}],"replies":[{"embeddable":true,"href":"https:\/\/labestiapolitica.com.mx\/index.php?rest_route=%2Fwp%2Fv2%2Fcomments&post=39792"}],"version-history":[{"count":1,"href":"https:\/\/labestiapolitica.com.mx\/index.php?rest_route=\/wp\/v2\/posts\/39792\/revisions"}],"predecessor-version":[{"id":39794,"href":"https:\/\/labestiapolitica.com.mx\/index.php?rest_route=\/wp\/v2\/posts\/39792\/revisions\/39794"}],"wp:featuredmedia":[{"embeddable":true,"href":"https:\/\/labestiapolitica.com.mx\/index.php?rest_route=\/wp\/v2\/media\/39793"}],"wp:attachment":[{"href":"https:\/\/labestiapolitica.com.mx\/index.php?rest_route=%2Fwp%2Fv2%2Fmedia&parent=39792"}],"wp:term":[{"taxonomy":"category","embeddable":true,"href":"https:\/\/labestiapolitica.com.mx\/index.php?rest_route=%2Fwp%2Fv2%2Fcategories&post=39792"},{"taxonomy":"post_tag","embeddable":true,"href":"https:\/\/labestiapolitica.com.mx\/index.php?rest_route=%2Fwp%2Fv2%2Ftags&post=39792"}],"curies":[{"name":"wp","href":"https:\/\/api.w.org\/{rel}","templated":true}]}}