{"id":39795,"date":"2025-04-03T15:05:12","date_gmt":"2025-04-03T21:05:12","guid":{"rendered":"https:\/\/labestiapolitica.com.mx\/?p=39795"},"modified":"2025-04-03T15:05:12","modified_gmt":"2025-04-03T21:05:12","slug":"exito-del-programa-domingo-familiar-en-la-magdalena-tlaltelulco-%f0%9f%8e%b6","status":"publish","type":"post","link":"https:\/\/labestiapolitica.com.mx\/?p=39795","title":{"rendered":"\u00c9xito del programa \u201cDomingo Familiar\u201d en La Magdalena Tlaltelulco \ud83c\udfb6"},"content":{"rendered":"<p class=\"\" style=\"text-align: justify;\" data-start=\"208\" data-end=\"455\">El Gobierno Municipal de La Magdalena Tlaltelulco lanz\u00f3 con gran \u00e9xito el programa \u201cDomingo Familiar\u201d, una actividad mensual gratuita que busca promover el talento art\u00edstico local y fomentar la sana convivencia entre las familias tlaltelulquenses.<\/p>\n<p class=\"\" style=\"text-align: justify;\" data-start=\"457\" data-end=\"645\">El pasado domingo 30 de marzo, el dueto de m\u00fasica vers\u00e1til <strong data-start=\"516\" data-end=\"537\">Antolog\u00eda Musical<\/strong> conquist\u00f3 al p\u00fablico con su repertorio rom\u00e1ntico, llenando de alegr\u00eda y emociones el parque municipal. \u2764\ufe0f\ud83c\udfa4<\/p>\n<p class=\"\" style=\"text-align: justify;\" data-start=\"647\" data-end=\"793\">Quienes deseen contratar a <strong data-start=\"674\" data-end=\"695\">Antolog\u00eda Musical<\/strong> para eventos particulares, pueden hacerlo directamente al n\u00famero de WhatsApp <strong data-start=\"773\" data-end=\"789\">246 101 7623<\/strong>. \ud83d\udcf2<\/p>\n<p class=\"\" style=\"text-align: justify;\" data-start=\"795\" data-end=\"880\">\u00a1No te pierdas las pr\u00f3ximas ediciones de este evento pensado para ti y tu familia! \ud83d\udcc5<\/p>\n<p class=\"\" style=\"text-align: justify;\" data-start=\"882\" data-end=\"1079\">#DomingoFamiliar #SanaConvivencia #EntretenimientoGratuito #ApoyoALosArtistasLocales #LaMagdalenaTlaltelulco<br data-start=\"990\" data-end=\"993\" \/>#LaBestiaPoliticaTlaltelulco @Gobierno Municipal Tlaltelulco 2024-2027 @RocioMelendezP<\/p>\n<p data-start=\"882\" data-end=\"1079\"><img loading=\"lazy\" decoding=\"async\" class=\"alignnone size-full wp-image-39797\" src=\"https:\/\/labestiapolitica.com.mx\/wp-content\/uploads\/2025\/04\/1-8.png\" alt=\"\" width=\"2000\" height=\"1200\" srcset=\"https:\/\/labestiapolitica.com.mx\/wp-content\/uploads\/2025\/04\/1-8.png 2000w, https:\/\/labestiapolitica.com.mx\/wp-content\/uploads\/2025\/04\/1-8-300x180.png 300w, https:\/\/labestiapolitica.com.mx\/wp-content\/uploads\/2025\/04\/1-8-1024x614.png 1024w, https:\/\/labestiapolitica.com.mx\/wp-content\/uploads\/2025\/04\/1-8-768x461.png 768w, https:\/\/labestiapolitica.com.mx\/wp-content\/uploads\/2025\/04\/1-8-1536x922.png 1536w\" sizes=\"auto, (max-width: 2000px) 100vw, 2000px\" \/> <img loading=\"lazy\" decoding=\"async\" class=\"alignnone size-full wp-image-39798\" src=\"https:\/\/labestiapolitica.com.mx\/wp-content\/uploads\/2025\/04\/2-8.png\" alt=\"\" width=\"2000\" height=\"1200\" srcset=\"https:\/\/labestiapolitica.com.mx\/wp-content\/uploads\/2025\/04\/2-8.png 2000w, https:\/\/labestiapolitica.com.mx\/wp-content\/uploads\/2025\/04\/2-8-300x180.png 300w, https:\/\/labestiapolitica.com.mx\/wp-content\/uploads\/2025\/04\/2-8-1024x614.png 1024w, https:\/\/labestiapolitica.com.mx\/wp-content\/uploads\/2025\/04\/2-8-768x461.png 768w, https:\/\/labestiapolitica.com.mx\/wp-content\/uploads\/2025\/04\/2-8-1536x922.png 1536w\" sizes=\"auto, (max-width: 2000px) 100vw, 2000px\" \/><\/p>\n","protected":false},"excerpt":{"rendered":"<p>El Gobierno Municipal de La Magdalena Tlaltelulco lanz\u00f3 con gran \u00e9xito el programa \u201cDomingo Familiar\u201d, una actividad mensual gratuita que busca promover el talento art\u00edstico local y fomentar la sana convivencia entre las familias tlaltelulquenses. El pasado domingo 30 de marzo, el dueto de m\u00fasica vers\u00e1til Antolog\u00eda Musical conquist\u00f3 al p\u00fablico con su repertorio rom\u00e1ntico, [&hellip;]<\/p>\n","protected":false},"author":3,"featured_media":39796,"comment_status":"open","ping_status":"open","sticky":false,"template":"","format":"standard","meta":{"footnotes":""},"categories":[218,216],"tags":[],"class_list":["post-39795","post","type-post","status-publish","format-standard","has-post-thumbnail","hentry","category-la-magdalena-tlaltelulco","category-municipios"],"amp_enabled":true,"_links":{"self":[{"href":"https:\/\/labestiapolitica.com.mx\/index.php?rest_route=\/wp\/v2\/posts\/39795","targetHints":{"allow":["GET"]}}],"collection":[{"href":"https:\/\/labestiapolitica.com.mx\/index.php?rest_route=\/wp\/v2\/posts"}],"about":[{"href":"https:\/\/labestiapolitica.com.mx\/index.php?rest_route=\/wp\/v2\/types\/post"}],"author":[{"embeddable":true,"href":"https:\/\/labestiapolitica.com.mx\/index.php?rest_route=\/wp\/v2\/users\/3"}],"replies":[{"embeddable":true,"href":"https:\/\/labestiapolitica.com.mx\/index.php?rest_route=%2Fwp%2Fv2%2Fcomments&post=39795"}],"version-history":[{"count":1,"href":"https:\/\/labestiapolitica.com.mx\/index.php?rest_route=\/wp\/v2\/posts\/39795\/revisions"}],"predecessor-version":[{"id":39799,"href":"https:\/\/labestiapolitica.com.mx\/index.php?rest_route=\/wp\/v2\/posts\/39795\/revisions\/39799"}],"wp:featuredmedia":[{"embeddable":true,"href":"https:\/\/labestiapolitica.com.mx\/index.php?rest_route=\/wp\/v2\/media\/39796"}],"wp:attachment":[{"href":"https:\/\/labestiapolitica.com.mx\/index.php?rest_route=%2Fwp%2Fv2%2Fmedia&parent=39795"}],"wp:term":[{"taxonomy":"category","embeddable":true,"href":"https:\/\/labestiapolitica.com.mx\/index.php?rest_route=%2Fwp%2Fv2%2Fcategories&post=39795"},{"taxonomy":"post_tag","embeddable":true,"href":"https:\/\/labestiapolitica.com.mx\/index.php?rest_route=%2Fwp%2Fv2%2Ftags&post=39795"}],"curies":[{"name":"wp","href":"https:\/\/api.w.org\/{rel}","templated":true}]}}