{"id":39800,"date":"2025-04-03T15:22:34","date_gmt":"2025-04-03T21:22:34","guid":{"rendered":"https:\/\/labestiapolitica.com.mx\/?p=39800"},"modified":"2025-04-03T15:22:34","modified_gmt":"2025-04-03T21:22:34","slug":"invitan-a-jornada-de-salud-en-tecpa-morales-este-viernes-%f0%9f%8f%a5%e2%9c%a8","status":"publish","type":"post","link":"https:\/\/labestiapolitica.com.mx\/?p=39800","title":{"rendered":"Invitan a Jornada de Salud en Tecpa Morales este viernes \ud83c\udfe5\u2728"},"content":{"rendered":"<p class=\"\" style=\"text-align: justify;\" data-start=\"222\" data-end=\"451\">El Gobierno Municipal de La Magdalena Tlaltelulco, en coordinaci\u00f3n con el Sistema Estatal DIF, invita a la ciudadan\u00eda a la Jornada de Salud que se realizar\u00e1 ma\u00f1ana viernes 4 de abril en la presidencia del Barrio de Tecpa Morales.<\/p>\n<p class=\"\" style=\"text-align: justify;\" data-start=\"453\" data-end=\"552\">\u23f0 Horario: 9:00 a.m. a 2:00 p.m.<br data-start=\"485\" data-end=\"488\" \/>\ud83d\udc8a Servicios de salud gratuitos para el bienestar de tu familia.<\/p>\n<p class=\"\" style=\"text-align: justify;\" data-start=\"554\" data-end=\"632\">Aprovecha esta oportunidad para cuidar de ti y de los tuyos. \u00a1Te esperamos! \ud83c\udf08<\/p>\n<p class=\"\" data-start=\"455\" data-end=\"475\">\ud83d\udccc <strong data-start=\"458\" data-end=\"472\">Requisitos<\/strong>:<\/p>\n<ul data-start=\"476\" data-end=\"523\">\n<li class=\"\" data-start=\"476\" data-end=\"493\">\n<p class=\"\" data-start=\"478\" data-end=\"493\">Copia de CURP<\/p>\n<\/li>\n<li class=\"\" data-start=\"494\" data-end=\"501\">\n<p class=\"\" data-start=\"496\" data-end=\"501\">INE<\/p>\n<\/li>\n<li class=\"\" data-start=\"502\" data-end=\"523\">\n<p class=\"\" data-start=\"504\" data-end=\"523\">N\u00famero telef\u00f3nico<\/p>\n<\/li>\n<\/ul>\n<p class=\"\" data-start=\"525\" data-end=\"793\">\ud83d\udc68\u200d\u2695\ufe0f <strong data-start=\"531\" data-end=\"556\">Servicios disponibles<\/strong>:<br data-start=\"557\" data-end=\"560\" \/>\u2714 Medicina general<br data-start=\"578\" data-end=\"581\" \/>\u2714 Odontolog\u00eda<br data-start=\"594\" data-end=\"597\" \/>\u2714 Control de signos vitales<br data-start=\"624\" data-end=\"627\" \/>\u2714 Valoraci\u00f3n nutricional<br data-start=\"651\" data-end=\"654\" \/>\u2714 Prevenci\u00f3n de c\u00e1ncer de mama y enfermedades cr\u00f3nicas<br data-start=\"708\" data-end=\"711\" \/>\u2714 Charlas de autocuidado e higiene<br data-start=\"745\" data-end=\"748\" \/>\u2714 Promoci\u00f3n del \u00abPlato del Buen Comer\u00bb y m\u00e1s.<\/p>\n<p class=\"\" data-start=\"795\" data-end=\"1030\">\ud83c\udf1f \u00a1No te lo pierdas! Es por tu salud y la de tu familia.<br data-start=\"852\" data-end=\"855\" \/>#JornadaDeSalud #SaludParaTodos #LaMagdalenaTlaltelulco #DIFTlaxcala #CuidaTuSalud<br data-start=\"937\" data-end=\"940\" \/>@Gobierno Municipal Tlaltelulco 2024-2027 @RocioMelendezP<br data-start=\"997\" data-end=\"1000\" \/>#LaBestiaPoliticaTlaltelulco<\/p>\n<p data-start=\"795\" data-end=\"1030\"><img loading=\"lazy\" decoding=\"async\" class=\"alignnone size-full wp-image-39802\" src=\"https:\/\/labestiapolitica.com.mx\/wp-content\/uploads\/2025\/04\/488012544_122149737848511676_4545820773503618140_n.jpg\" alt=\"\" width=\"1080\" height=\"1300\" srcset=\"https:\/\/labestiapolitica.com.mx\/wp-content\/uploads\/2025\/04\/488012544_122149737848511676_4545820773503618140_n.jpg 1080w, https:\/\/labestiapolitica.com.mx\/wp-content\/uploads\/2025\/04\/488012544_122149737848511676_4545820773503618140_n-249x300.jpg 249w, https:\/\/labestiapolitica.com.mx\/wp-content\/uploads\/2025\/04\/488012544_122149737848511676_4545820773503618140_n-851x1024.jpg 851w, https:\/\/labestiapolitica.com.mx\/wp-content\/uploads\/2025\/04\/488012544_122149737848511676_4545820773503618140_n-768x924.jpg 768w\" sizes=\"auto, (max-width: 1080px) 100vw, 1080px\" \/> <img loading=\"lazy\" decoding=\"async\" class=\"alignnone size-full wp-image-39803\" src=\"https:\/\/labestiapolitica.com.mx\/wp-content\/uploads\/2025\/04\/488413873_122149737794511676_6991934336391939912_n.jpg\" alt=\"\" width=\"1080\" height=\"1300\" srcset=\"https:\/\/labestiapolitica.com.mx\/wp-content\/uploads\/2025\/04\/488413873_122149737794511676_6991934336391939912_n.jpg 1080w, https:\/\/labestiapolitica.com.mx\/wp-content\/uploads\/2025\/04\/488413873_122149737794511676_6991934336391939912_n-249x300.jpg 249w, https:\/\/labestiapolitica.com.mx\/wp-content\/uploads\/2025\/04\/488413873_122149737794511676_6991934336391939912_n-851x1024.jpg 851w, https:\/\/labestiapolitica.com.mx\/wp-content\/uploads\/2025\/04\/488413873_122149737794511676_6991934336391939912_n-768x924.jpg 768w\" sizes=\"auto, (max-width: 1080px) 100vw, 1080px\" \/> <img loading=\"lazy\" decoding=\"async\" class=\"alignnone size-full wp-image-39804\" src=\"https:\/\/labestiapolitica.com.mx\/wp-content\/uploads\/2025\/04\/487803196_122149737728511676_5509500488661885115_n.jpg\" alt=\"\" width=\"1080\" height=\"1300\" srcset=\"https:\/\/labestiapolitica.com.mx\/wp-content\/uploads\/2025\/04\/487803196_122149737728511676_5509500488661885115_n.jpg 1080w, https:\/\/labestiapolitica.com.mx\/wp-content\/uploads\/2025\/04\/487803196_122149737728511676_5509500488661885115_n-249x300.jpg 249w, https:\/\/labestiapolitica.com.mx\/wp-content\/uploads\/2025\/04\/487803196_122149737728511676_5509500488661885115_n-851x1024.jpg 851w, https:\/\/labestiapolitica.com.mx\/wp-content\/uploads\/2025\/04\/487803196_122149737728511676_5509500488661885115_n-768x924.jpg 768w\" sizes=\"auto, (max-width: 1080px) 100vw, 1080px\" \/> <img loading=\"lazy\" decoding=\"async\" class=\"alignnone size-full wp-image-39805\" src=\"https:\/\/labestiapolitica.com.mx\/wp-content\/uploads\/2025\/04\/488522034_122149737644511676_5799336291907181786_n.jpg\" alt=\"\" width=\"1080\" height=\"1300\" srcset=\"https:\/\/labestiapolitica.com.mx\/wp-content\/uploads\/2025\/04\/488522034_122149737644511676_5799336291907181786_n.jpg 1080w, https:\/\/labestiapolitica.com.mx\/wp-content\/uploads\/2025\/04\/488522034_122149737644511676_5799336291907181786_n-249x300.jpg 249w, https:\/\/labestiapolitica.com.mx\/wp-content\/uploads\/2025\/04\/488522034_122149737644511676_5799336291907181786_n-851x1024.jpg 851w, https:\/\/labestiapolitica.com.mx\/wp-content\/uploads\/2025\/04\/488522034_122149737644511676_5799336291907181786_n-768x924.jpg 768w\" sizes=\"auto, (max-width: 1080px) 100vw, 1080px\" \/> <img loading=\"lazy\" decoding=\"async\" class=\"alignnone size-full wp-image-39806\" src=\"https:\/\/labestiapolitica.com.mx\/wp-content\/uploads\/2025\/04\/488296474_122149737626511676_446866933163280846_n.jpg\" alt=\"\" width=\"1080\" height=\"1300\" srcset=\"https:\/\/labestiapolitica.com.mx\/wp-content\/uploads\/2025\/04\/488296474_122149737626511676_446866933163280846_n.jpg 1080w, https:\/\/labestiapolitica.com.mx\/wp-content\/uploads\/2025\/04\/488296474_122149737626511676_446866933163280846_n-249x300.jpg 249w, https:\/\/labestiapolitica.com.mx\/wp-content\/uploads\/2025\/04\/488296474_122149737626511676_446866933163280846_n-851x1024.jpg 851w, https:\/\/labestiapolitica.com.mx\/wp-content\/uploads\/2025\/04\/488296474_122149737626511676_446866933163280846_n-768x924.jpg 768w\" sizes=\"auto, (max-width: 1080px) 100vw, 1080px\" \/><\/p>\n<p data-start=\"634\" data-end=\"800\">\n","protected":false},"excerpt":{"rendered":"<p>El Gobierno Municipal de La Magdalena Tlaltelulco, en coordinaci\u00f3n con el Sistema Estatal DIF, invita a la ciudadan\u00eda a la Jornada de Salud que se realizar\u00e1 ma\u00f1ana viernes 4 de abril en la presidencia del Barrio de Tecpa Morales. \u23f0 Horario: 9:00 a.m. a 2:00 p.m.\ud83d\udc8a Servicios de salud gratuitos para el bienestar de tu [&hellip;]<\/p>\n","protected":false},"author":3,"featured_media":39801,"comment_status":"open","ping_status":"open","sticky":false,"template":"","format":"standard","meta":{"footnotes":""},"categories":[218,216],"tags":[],"class_list":["post-39800","post","type-post","status-publish","format-standard","has-post-thumbnail","hentry","category-la-magdalena-tlaltelulco","category-municipios"],"amp_enabled":true,"_links":{"self":[{"href":"https:\/\/labestiapolitica.com.mx\/index.php?rest_route=\/wp\/v2\/posts\/39800","targetHints":{"allow":["GET"]}}],"collection":[{"href":"https:\/\/labestiapolitica.com.mx\/index.php?rest_route=\/wp\/v2\/posts"}],"about":[{"href":"https:\/\/labestiapolitica.com.mx\/index.php?rest_route=\/wp\/v2\/types\/post"}],"author":[{"embeddable":true,"href":"https:\/\/labestiapolitica.com.mx\/index.php?rest_route=\/wp\/v2\/users\/3"}],"replies":[{"embeddable":true,"href":"https:\/\/labestiapolitica.com.mx\/index.php?rest_route=%2Fwp%2Fv2%2Fcomments&post=39800"}],"version-history":[{"count":1,"href":"https:\/\/labestiapolitica.com.mx\/index.php?rest_route=\/wp\/v2\/posts\/39800\/revisions"}],"predecessor-version":[{"id":39807,"href":"https:\/\/labestiapolitica.com.mx\/index.php?rest_route=\/wp\/v2\/posts\/39800\/revisions\/39807"}],"wp:featuredmedia":[{"embeddable":true,"href":"https:\/\/labestiapolitica.com.mx\/index.php?rest_route=\/wp\/v2\/media\/39801"}],"wp:attachment":[{"href":"https:\/\/labestiapolitica.com.mx\/index.php?rest_route=%2Fwp%2Fv2%2Fmedia&parent=39800"}],"wp:term":[{"taxonomy":"category","embeddable":true,"href":"https:\/\/labestiapolitica.com.mx\/index.php?rest_route=%2Fwp%2Fv2%2Fcategories&post=39800"},{"taxonomy":"post_tag","embeddable":true,"href":"https:\/\/labestiapolitica.com.mx\/index.php?rest_route=%2Fwp%2Fv2%2Ftags&post=39800"}],"curies":[{"name":"wp","href":"https:\/\/api.w.org\/{rel}","templated":true}]}}