{"id":39819,"date":"2025-04-03T16:21:32","date_gmt":"2025-04-03T22:21:32","guid":{"rendered":"https:\/\/labestiapolitica.com.mx\/?p=39819"},"modified":"2025-04-03T16:21:46","modified_gmt":"2025-04-03T22:21:46","slug":"39819","status":"publish","type":"post","link":"https:\/\/labestiapolitica.com.mx\/?p=39819","title":{"rendered":"Detiene Polic\u00eda de Tlaxcala de Xicoht\u00e9ncatl a sujeto por intento de robo de veh\u00edculo."},"content":{"rendered":"<ul>\n<li style=\"text-align: justify;\">\u00a0Luis Alberto N. fue detenido por los elementos policiacos cuando intentaba abrir un veh\u00edculo en las inmediaciones del mercado municipal Emilio S\u00e1nchez Piedras<\/li>\n<\/ul>\n<p style=\"text-align: justify;\">Elementos de la Direcci\u00f3n de Seguridad Ciudadana y Movilidad del Municipio de Tlaxcala detuvieron a un sujeto por su presunta participaci\u00f3n en el intento de robo de un veh\u00edculo y alteraci\u00f3n del orden p\u00fablico la tarde del pasado mi\u00e9rcoles 2 de abril.<\/p>\n<p style=\"text-align: justify;\">El incidente ocurri\u00f3 en el cruce de las calles Alonso Escalona y Miguel N. Lira, frente a las oficinas de la Comisi\u00f3n Federal de Electricidad, cuando una mujer report\u00f3 a una persona intentando abrir su veh\u00edculo.<\/p>\n<p>Los elementos arribaron al lugar y, tras verificar que el veh\u00edculo no presentaba da\u00f1os, el detenido mostr\u00f3 actitud hostil y agredi\u00f3 a los polic\u00edas, empujando a uno de los elementos mientras daba atenci\u00f3n al incidente.<\/p>\n<p style=\"text-align: justify;\">El individuo fue trasladado a la Direcci\u00f3n de Seguridad Ciudadana para continuar con el proceso pertinente y establecer su responsabilidad ante los hechos antes se\u00f1alados.<\/p>\n<p>&nbsp;<\/p>\n<p><img loading=\"lazy\" decoding=\"async\" class=\"alignnone size-full wp-image-28405\" src=\"https:\/\/labestiapolitica.com.mx\/wp-content\/uploads\/2024\/06\/U-NOVA-y-se-diferente.png\" alt=\"\" width=\"1000\" height=\"600\" srcset=\"https:\/\/labestiapolitica.com.mx\/wp-content\/uploads\/2024\/06\/U-NOVA-y-se-diferente.png 1000w, https:\/\/labestiapolitica.com.mx\/wp-content\/uploads\/2024\/06\/U-NOVA-y-se-diferente-300x180.png 300w, https:\/\/labestiapolitica.com.mx\/wp-content\/uploads\/2024\/06\/U-NOVA-y-se-diferente-768x461.png 768w\" sizes=\"auto, (max-width: 1000px) 100vw, 1000px\" \/><\/p>\n","protected":false},"excerpt":{"rendered":"<p>\u00a0Luis Alberto N. fue detenido por los elementos policiacos cuando intentaba abrir un veh\u00edculo en las inmediaciones del mercado municipal Emilio S\u00e1nchez Piedras Elementos de la Direcci\u00f3n de Seguridad Ciudadana y Movilidad del Municipio de Tlaxcala detuvieron a un sujeto por su presunta participaci\u00f3n en el intento de robo de un veh\u00edculo y alteraci\u00f3n del [&hellip;]<\/p>\n","protected":false},"author":3,"featured_media":39820,"comment_status":"open","ping_status":"open","sticky":false,"template":"","format":"standard","meta":{"footnotes":""},"categories":[12,216,214],"tags":[],"class_list":["post-39819","post","type-post","status-publish","format-standard","has-post-thumbnail","hentry","category-brujula-2026","category-municipios","category-tlaxcala-capital"],"amp_enabled":true,"_links":{"self":[{"href":"https:\/\/labestiapolitica.com.mx\/index.php?rest_route=\/wp\/v2\/posts\/39819","targetHints":{"allow":["GET"]}}],"collection":[{"href":"https:\/\/labestiapolitica.com.mx\/index.php?rest_route=\/wp\/v2\/posts"}],"about":[{"href":"https:\/\/labestiapolitica.com.mx\/index.php?rest_route=\/wp\/v2\/types\/post"}],"author":[{"embeddable":true,"href":"https:\/\/labestiapolitica.com.mx\/index.php?rest_route=\/wp\/v2\/users\/3"}],"replies":[{"embeddable":true,"href":"https:\/\/labestiapolitica.com.mx\/index.php?rest_route=%2Fwp%2Fv2%2Fcomments&post=39819"}],"version-history":[{"count":2,"href":"https:\/\/labestiapolitica.com.mx\/index.php?rest_route=\/wp\/v2\/posts\/39819\/revisions"}],"predecessor-version":[{"id":39822,"href":"https:\/\/labestiapolitica.com.mx\/index.php?rest_route=\/wp\/v2\/posts\/39819\/revisions\/39822"}],"wp:featuredmedia":[{"embeddable":true,"href":"https:\/\/labestiapolitica.com.mx\/index.php?rest_route=\/wp\/v2\/media\/39820"}],"wp:attachment":[{"href":"https:\/\/labestiapolitica.com.mx\/index.php?rest_route=%2Fwp%2Fv2%2Fmedia&parent=39819"}],"wp:term":[{"taxonomy":"category","embeddable":true,"href":"https:\/\/labestiapolitica.com.mx\/index.php?rest_route=%2Fwp%2Fv2%2Fcategories&post=39819"},{"taxonomy":"post_tag","embeddable":true,"href":"https:\/\/labestiapolitica.com.mx\/index.php?rest_route=%2Fwp%2Fv2%2Ftags&post=39819"}],"curies":[{"name":"wp","href":"https:\/\/api.w.org\/{rel}","templated":true}]}}