{"id":39832,"date":"2025-04-03T16:36:33","date_gmt":"2025-04-03T22:36:33","guid":{"rendered":"https:\/\/labestiapolitica.com.mx\/?p=39832"},"modified":"2025-04-03T16:36:33","modified_gmt":"2025-04-03T22:36:33","slug":"smdif-zacatelco-capacita-a-escuelas-para-ofrecer-desayunos-saludables","status":"publish","type":"post","link":"https:\/\/labestiapolitica.com.mx\/?p=39832","title":{"rendered":"SMDIF Zacatelco capacita a escuelas para ofrecer desayunos saludables."},"content":{"rendered":"<p style=\"text-align: justify;\">El Sistema Municipal para el Desarrollo Integral de la Familia (SMDIF) de Zacatelco, encabezado por la Presidenta Honor\u00edfica Natali Chamorro Garz\u00f3n, llev\u00f3 a cabo una Feria Gastron\u00f3mica con el objetivo de capacitar a los comit\u00e9s escolares en buenas pr\u00e1cticas para la elaboraci\u00f3n de desayunos nutritivos en las escuelas del municipio.<\/p>\n<p style=\"text-align: justify;\">A trav\u00e9s del \u00e1rea de Nutrici\u00f3n del DIF Municipal, la nutri\u00f3loga Sarai Garz\u00f3n brind\u00f3 orientaci\u00f3n a representantes de nueve escuelas que forman parte del programa \u00abDesayunos escolares en su modalidad caliente\u00bb del estado de Tlaxcala.<\/p>\n<p style=\"text-align: justify;\">Durante el evento, la Presidenta Natali Chamorro destac\u00f3 la importancia de fomentar una educaci\u00f3n enfocada en la nutrici\u00f3n de la ni\u00f1ez y juventud de Zacatelco, reafirmando el compromiso del DIF Municipal en la promoci\u00f3n de una alimentaci\u00f3n balanceada y saludable.<\/p>\n<p style=\"text-align: justify;\">Como parte de estas acciones, se entreg\u00f3 equipo de protecci\u00f3n de cocina a los padres de familia que integran los comit\u00e9s de los desayunadores escolares, facilitando as\u00ed su labor en la preparaci\u00f3n de los alimentos.<\/p>\n<p style=\"text-align: justify;\">Adem\u00e1s, los asistentes pudieron disfrutar de una degustaci\u00f3n de platillos saludables, que incluy\u00f3 desayunos, bebidas y postres con un alto valor nutricional, promoviendo as\u00ed mejores h\u00e1bitos alimenticios en la comunidad escolar.<\/p>\n<p style=\"text-align: justify;\">El Gobierno Municipal de Zacatelco, en coordinaci\u00f3n con el DIF Municipal, continuar\u00e1 ofreciendo capacitaciones y orientaci\u00f3n nutricional, con el prop\u00f3sito de garantizar que ni\u00f1as, ni\u00f1os y j\u00f3venes del municipio crezcan en un entorno m\u00e1s sano y con una alimentaci\u00f3n adecuada.<\/p>\n<p>&nbsp;<\/p>\n<p><img loading=\"lazy\" decoding=\"async\" class=\"alignnone size-full wp-image-28405\" src=\"https:\/\/labestiapolitica.com.mx\/wp-content\/uploads\/2024\/06\/U-NOVA-y-se-diferente.png\" alt=\"\" width=\"1000\" height=\"600\" srcset=\"https:\/\/labestiapolitica.com.mx\/wp-content\/uploads\/2024\/06\/U-NOVA-y-se-diferente.png 1000w, https:\/\/labestiapolitica.com.mx\/wp-content\/uploads\/2024\/06\/U-NOVA-y-se-diferente-300x180.png 300w, https:\/\/labestiapolitica.com.mx\/wp-content\/uploads\/2024\/06\/U-NOVA-y-se-diferente-768x461.png 768w\" sizes=\"auto, (max-width: 1000px) 100vw, 1000px\" \/><\/p>\n","protected":false},"excerpt":{"rendered":"<p>El Sistema Municipal para el Desarrollo Integral de la Familia (SMDIF) de Zacatelco, encabezado por la Presidenta Honor\u00edfica Natali Chamorro Garz\u00f3n, llev\u00f3 a cabo una Feria Gastron\u00f3mica con el objetivo de capacitar a los comit\u00e9s escolares en buenas pr\u00e1cticas para la elaboraci\u00f3n de desayunos nutritivos en las escuelas del municipio. A trav\u00e9s del \u00e1rea de [&hellip;]<\/p>\n","protected":false},"author":3,"featured_media":39833,"comment_status":"open","ping_status":"open","sticky":false,"template":"","format":"standard","meta":{"footnotes":""},"categories":[7,216,217],"tags":[],"class_list":["post-39832","post","type-post","status-publish","format-standard","has-post-thumbnail","hentry","category-ciudadanos","category-municipios","category-zacatelco"],"amp_enabled":true,"_links":{"self":[{"href":"https:\/\/labestiapolitica.com.mx\/index.php?rest_route=\/wp\/v2\/posts\/39832","targetHints":{"allow":["GET"]}}],"collection":[{"href":"https:\/\/labestiapolitica.com.mx\/index.php?rest_route=\/wp\/v2\/posts"}],"about":[{"href":"https:\/\/labestiapolitica.com.mx\/index.php?rest_route=\/wp\/v2\/types\/post"}],"author":[{"embeddable":true,"href":"https:\/\/labestiapolitica.com.mx\/index.php?rest_route=\/wp\/v2\/users\/3"}],"replies":[{"embeddable":true,"href":"https:\/\/labestiapolitica.com.mx\/index.php?rest_route=%2Fwp%2Fv2%2Fcomments&post=39832"}],"version-history":[{"count":1,"href":"https:\/\/labestiapolitica.com.mx\/index.php?rest_route=\/wp\/v2\/posts\/39832\/revisions"}],"predecessor-version":[{"id":39834,"href":"https:\/\/labestiapolitica.com.mx\/index.php?rest_route=\/wp\/v2\/posts\/39832\/revisions\/39834"}],"wp:featuredmedia":[{"embeddable":true,"href":"https:\/\/labestiapolitica.com.mx\/index.php?rest_route=\/wp\/v2\/media\/39833"}],"wp:attachment":[{"href":"https:\/\/labestiapolitica.com.mx\/index.php?rest_route=%2Fwp%2Fv2%2Fmedia&parent=39832"}],"wp:term":[{"taxonomy":"category","embeddable":true,"href":"https:\/\/labestiapolitica.com.mx\/index.php?rest_route=%2Fwp%2Fv2%2Fcategories&post=39832"},{"taxonomy":"post_tag","embeddable":true,"href":"https:\/\/labestiapolitica.com.mx\/index.php?rest_route=%2Fwp%2Fv2%2Ftags&post=39832"}],"curies":[{"name":"wp","href":"https:\/\/api.w.org\/{rel}","templated":true}]}}