{"id":39961,"date":"2025-04-08T10:01:26","date_gmt":"2025-04-08T16:01:26","guid":{"rendered":"https:\/\/labestiapolitica.com.mx\/?p=39961"},"modified":"2025-04-10T09:52:42","modified_gmt":"2025-04-10T15:52:42","slug":"el-arca-y-el-secretario-de-gobierno-en-tlaxcala","status":"publish","type":"post","link":"https:\/\/labestiapolitica.com.mx\/?p=39961","title":{"rendered":"El Arca&#8230;\u00bfY el Secretario de Gobierno en Tlaxcala?"},"content":{"rendered":"<p style=\"text-align: justify;\">Ayer la titular del ejecutivo Lorena Cu\u00e9llar fue v\u00edctima de la ineficiencia del Secretario de Gobierno Luis Antonio Ram\u00edrez quien por sus limitaciones, el estado pr\u00e1cticamente est\u00e1 incendiado.<\/p>\n<p style=\"text-align: justify;\">Si no le aparecen manifestantes, le aparecen linchamientos y toda clase de conflictos sociales que lejos de ayudar a la mandataria, parece que le pagaran para que le vaya mal a la \u2018uno\u2019.<\/p>\n<p style=\"text-align: justify;\">Lo que sucedi\u00f3 ayer en el municipio de Xicohtzinco, fue una muestra m\u00e1s de que el morelense se la pasa en todo, menos en lo que deber\u00eda atender.<\/p>\n<p style=\"text-align: justify;\">La falta de pericia de los funcionarios a cargo de Luis Ram\u00edrez, le pas\u00f3 un bochornoso momento a la gobernadora quien tuvo que comerse un sapo y observar los reclamos del \u2018pueblo bueno\u2019 mientras los medios registraban el oso gubernamental.<\/p>\n<p style=\"text-align: justify;\">No hubo delegados de gobierno que previeran las manifestaciones.<\/p>\n<p style=\"text-align: justify;\">Mucho menos capacidad de tranquilizar a los manifestantes.<\/p>\n<p style=\"text-align: justify;\">Aunque los reclamos si bien eran leg\u00edtimos ante las fallas provocadas por la adhesi\u00f3n al sistema IMSS \u2013 Bienestar que pr\u00e1cticamente vino a cimbrar \u2013 para mal \u2013 el sistema de salud que se contaba en la entidad, llam\u00f3 la atenci\u00f3n la ingobernabilidad en un evento que era un flan para cualquier persona mediamente capacidada para ocupar el cargo de Secretar\u00eda de Gobierno.<\/p>\n<p style=\"text-align: justify;\">\u00bfO la funci\u00f3n de un titular de gobernaci\u00f3n ya no es la de garantizar la gobernabilidad de la entidad?<\/p>\n<p style=\"text-align: justify;\">Los hechos hablan por s\u00ed solos.<\/p>\n<p style=\"text-align: justify;\">\u00bfQu\u00e9 le debe la gobernadora al morelense que es capaz de comerse un sapo de las manifestaciones?<\/p>\n<p style=\"text-align: justify;\">Es pregunta.<\/p>\n<p>&nbsp;<\/p>\n<p>&nbsp;<\/p>\n<p><img loading=\"lazy\" decoding=\"async\" class=\"alignnone size-full wp-image-31841\" src=\"https:\/\/labestiapolitica.com.mx\/wp-content\/uploads\/2024\/10\/segob-1-1.jpg\" alt=\"\" width=\"1000\" height=\"600\" srcset=\"https:\/\/labestiapolitica.com.mx\/wp-content\/uploads\/2024\/10\/segob-1-1.jpg 1000w, https:\/\/labestiapolitica.com.mx\/wp-content\/uploads\/2024\/10\/segob-1-1-300x180.jpg 300w, https:\/\/labestiapolitica.com.mx\/wp-content\/uploads\/2024\/10\/segob-1-1-768x461.jpg 768w\" sizes=\"auto, (max-width: 1000px) 100vw, 1000px\" \/><\/p>\n","protected":false},"excerpt":{"rendered":"<p>Ayer la titular del ejecutivo Lorena Cu\u00e9llar fue v\u00edctima de la ineficiencia del Secretario de Gobierno Luis Antonio Ram\u00edrez quien por sus limitaciones, el estado pr\u00e1cticamente est\u00e1 incendiado. Si no le aparecen manifestantes, le aparecen linchamientos y toda clase de conflictos sociales que lejos de ayudar a la mandataria, parece que le pagaran para que [&hellip;]<\/p>\n","protected":false},"author":3,"featured_media":38191,"comment_status":"open","ping_status":"open","sticky":false,"template":"","format":"standard","meta":{"footnotes":""},"categories":[6],"tags":[],"class_list":["post-39961","post","type-post","status-publish","format-standard","has-post-thumbnail","hentry","category-opinion"],"amp_enabled":true,"_links":{"self":[{"href":"https:\/\/labestiapolitica.com.mx\/index.php?rest_route=\/wp\/v2\/posts\/39961","targetHints":{"allow":["GET"]}}],"collection":[{"href":"https:\/\/labestiapolitica.com.mx\/index.php?rest_route=\/wp\/v2\/posts"}],"about":[{"href":"https:\/\/labestiapolitica.com.mx\/index.php?rest_route=\/wp\/v2\/types\/post"}],"author":[{"embeddable":true,"href":"https:\/\/labestiapolitica.com.mx\/index.php?rest_route=\/wp\/v2\/users\/3"}],"replies":[{"embeddable":true,"href":"https:\/\/labestiapolitica.com.mx\/index.php?rest_route=%2Fwp%2Fv2%2Fcomments&post=39961"}],"version-history":[{"count":2,"href":"https:\/\/labestiapolitica.com.mx\/index.php?rest_route=\/wp\/v2\/posts\/39961\/revisions"}],"predecessor-version":[{"id":39963,"href":"https:\/\/labestiapolitica.com.mx\/index.php?rest_route=\/wp\/v2\/posts\/39961\/revisions\/39963"}],"wp:featuredmedia":[{"embeddable":true,"href":"https:\/\/labestiapolitica.com.mx\/index.php?rest_route=\/wp\/v2\/media\/38191"}],"wp:attachment":[{"href":"https:\/\/labestiapolitica.com.mx\/index.php?rest_route=%2Fwp%2Fv2%2Fmedia&parent=39961"}],"wp:term":[{"taxonomy":"category","embeddable":true,"href":"https:\/\/labestiapolitica.com.mx\/index.php?rest_route=%2Fwp%2Fv2%2Fcategories&post=39961"},{"taxonomy":"post_tag","embeddable":true,"href":"https:\/\/labestiapolitica.com.mx\/index.php?rest_route=%2Fwp%2Fv2%2Ftags&post=39961"}],"curies":[{"name":"wp","href":"https:\/\/api.w.org\/{rel}","templated":true}]}}