{"id":40000,"date":"2025-04-09T19:09:45","date_gmt":"2025-04-10T01:09:45","guid":{"rendered":"https:\/\/labestiapolitica.com.mx\/?p=40000"},"modified":"2025-04-10T09:50:53","modified_gmt":"2025-04-10T15:50:53","slug":"opinion-tlaxcala-la-ciudad-que-nos-recuerda-quienes-somos","status":"publish","type":"post","link":"https:\/\/labestiapolitica.com.mx\/?p=40000","title":{"rendered":"Opini\u00f3n&#8230;Tlaxcala: La ciudad que nos recuerda qui\u00e9nes somos"},"content":{"rendered":"<p style=\"text-align: justify;\"><em>Para las y los colaboradores del INAH<\/em><\/p>\n<p style=\"text-align: justify;\">En 1986, la capital tlaxcalteca obtuvo su declaratoria de Zona de Monumentos Hist\u00f3ricos. El decreto marc\u00f3 un hito: no s\u00f3lo reconoc\u00eda la riqueza cultural y arquitect\u00f3nica de la ciudad, sino que le otorgaba un marco jur\u00eddico para protegerla. Era, en el fondo, una declaraci\u00f3n de amor a lo que somos. Porque los edificios, los muros, las plazas&#8230; no son simples estructuras: son la memoria hecha piedra.<\/p>\n<p style=\"text-align: justify;\">Los monumentos hist\u00f3ricos no est\u00e1n hechos s\u00f3lo de cantera, ladrillo o madera. Son testigos vivos de un pasado que sigue latiendo en el presente. Caminar por el centro hist\u00f3rico de Tlaxcala es recorrer siglos: desde la Catedral de Nuestra Se\u00f1ora de la Asunci\u00f3n \u2014hoy Patrimonio de la Humanidad\u2014 hasta los rincones que a\u00fan murmuran en n\u00e1huatl las historias de los pueblos originarios que fueron columna vertebral de lo que hoy llamamos M\u00e9xico.<\/p>\n<p style=\"text-align: justify;\">La arquitectura virreinal \u2014con sus techos altos, sus patios interiores y su sobria elegancia\u2014 no es s\u00f3lo una huella de esa etapa: es el relato, en piedra y cal, de una historia compleja donde convergen resistencia, mestizaje y reconstrucci\u00f3n identitaria. Cada edificio cuenta, con silencios y grietas, lo que los libros no siempre alcanzan a narrar.<\/p>\n<p style=\"text-align: justify;\">Pero el patrimonio no se encierra en muros. Est\u00e1 tambi\u00e9n en los callejones, en los murales, en las plazas donde a\u00fan se baila al son del carnaval. En los museos que resguardan objetos, gestos, rituales y formas de ver el mundo. En esos detalles \u2014a veces casi invisibles\u2014 habita el alma de un pueblo.<\/p>\n<p style=\"text-align: justify;\">Conservar ese legado no es un gesto nost\u00e1lgico: es un acto de resistencia frente a un mundo cada vez m\u00e1s uniforme, donde la identidad se diluye en pantallas y algoritmos. Nuestro patrimonio no s\u00f3lo nos dice de d\u00f3nde venimos: tambi\u00e9n nos recuerda qui\u00e9nes somos y hacia d\u00f3nde podr\u00edamos ir. Es un ancla y una br\u00fajula.<\/p>\n<p style=\"text-align: justify;\">En Tlaxcala, ese patrimonio vive en sus fiestas populares, en sus danzas ancestrales, en las ferias donde lo sagrado y lo profano conviven como viejos conocidos. Y sobre todo, vive en la voluntad de quienes a\u00fan creemos que vale la pena preservar lo que nos hace \u00fanicos.<\/p>\n<p style=\"text-align: justify;\">Los retos persisten. La conservaci\u00f3n no puede ser tarea de unos cuantos. Hace falta una ciudadan\u00eda activa, autoridades comprometidas y una nueva mirada que entienda que el pasado no es estorbo, sino cimiento.<\/p>\n<p style=\"text-align: justify;\">A 500 a\u00f1os de la fundaci\u00f3n de Tlaxcala, m\u00e1s que preguntarnos qu\u00e9 futuro construiremos, deber\u00edamos pensar c\u00f3mo queremos recordar. Porque la memoria \u2014como los muros viejos\u2014 tambi\u00e9n necesita cuidados. Que las generaciones futuras puedan seguir reconoci\u00e9ndose en estas calles, en estas piedras, en estos silencios cargados de historia.<\/p>\n<p style=\"text-align: justify;\">Preservar es resistir. Proteger es amar. Y celebrar, siempre, es recordar que las ra\u00edces no impiden volar: son, precisamente, lo que nos permite hacerlo.<\/p>\n<p>&nbsp;<\/p>\n","protected":false},"excerpt":{"rendered":"<p>Para las y los colaboradores del INAH En 1986, la capital tlaxcalteca obtuvo su declaratoria de Zona de Monumentos Hist\u00f3ricos. El decreto marc\u00f3 un hito: no s\u00f3lo reconoc\u00eda la riqueza cultural y arquitect\u00f3nica de la ciudad, sino que le otorgaba un marco jur\u00eddico para protegerla. Era, en el fondo, una declaraci\u00f3n de amor a lo [&hellip;]<\/p>\n","protected":false},"author":3,"featured_media":39724,"comment_status":"open","ping_status":"open","sticky":false,"template":"","format":"standard","meta":{"footnotes":""},"categories":[6],"tags":[],"class_list":["post-40000","post","type-post","status-publish","format-standard","has-post-thumbnail","hentry","category-opinion"],"amp_enabled":true,"_links":{"self":[{"href":"https:\/\/labestiapolitica.com.mx\/index.php?rest_route=\/wp\/v2\/posts\/40000","targetHints":{"allow":["GET"]}}],"collection":[{"href":"https:\/\/labestiapolitica.com.mx\/index.php?rest_route=\/wp\/v2\/posts"}],"about":[{"href":"https:\/\/labestiapolitica.com.mx\/index.php?rest_route=\/wp\/v2\/types\/post"}],"author":[{"embeddable":true,"href":"https:\/\/labestiapolitica.com.mx\/index.php?rest_route=\/wp\/v2\/users\/3"}],"replies":[{"embeddable":true,"href":"https:\/\/labestiapolitica.com.mx\/index.php?rest_route=%2Fwp%2Fv2%2Fcomments&post=40000"}],"version-history":[{"count":1,"href":"https:\/\/labestiapolitica.com.mx\/index.php?rest_route=\/wp\/v2\/posts\/40000\/revisions"}],"predecessor-version":[{"id":40001,"href":"https:\/\/labestiapolitica.com.mx\/index.php?rest_route=\/wp\/v2\/posts\/40000\/revisions\/40001"}],"wp:featuredmedia":[{"embeddable":true,"href":"https:\/\/labestiapolitica.com.mx\/index.php?rest_route=\/wp\/v2\/media\/39724"}],"wp:attachment":[{"href":"https:\/\/labestiapolitica.com.mx\/index.php?rest_route=%2Fwp%2Fv2%2Fmedia&parent=40000"}],"wp:term":[{"taxonomy":"category","embeddable":true,"href":"https:\/\/labestiapolitica.com.mx\/index.php?rest_route=%2Fwp%2Fv2%2Fcategories&post=40000"},{"taxonomy":"post_tag","embeddable":true,"href":"https:\/\/labestiapolitica.com.mx\/index.php?rest_route=%2Fwp%2Fv2%2Ftags&post=40000"}],"curies":[{"name":"wp","href":"https:\/\/api.w.org\/{rel}","templated":true}]}}