{"id":40085,"date":"2025-04-11T22:42:56","date_gmt":"2025-04-12T04:42:56","guid":{"rendered":"https:\/\/labestiapolitica.com.mx\/?p=40085"},"modified":"2025-04-13T20:51:44","modified_gmt":"2025-04-14T02:51:44","slug":"%f0%9f%94%8e-panotla-se-capacita-para-cuidar-a-los-suyos","status":"publish","type":"post","link":"https:\/\/labestiapolitica.com.mx\/?p=40085","title":{"rendered":"\ud83d\udd0e Panotla se capacita para cuidar a los suyos"},"content":{"rendered":"<p class=\"\" style=\"text-align: justify;\" data-start=\"54\" data-end=\"283\">Con el objetivo de fortalecer la prevenci\u00f3n y actuar con rapidez ante cualquier emergencia, el Ayuntamiento de Panotla realiz\u00f3 el <strong data-start=\"184\" data-end=\"218\">Taller de B\u00fasqueda de Personas<\/strong>, dirigido a escuelas y autoridades comunitarias del municipio.<\/p>\n<p class=\"\" style=\"text-align: justify;\" data-start=\"285\" data-end=\"537\">\ud83d\udc65 M\u00e1s de <strong data-start=\"295\" data-end=\"326\">31 instituciones educativas<\/strong> y presidentes de comunidad participaron en esta jornada impartida por la Comisi\u00f3n Estatal de B\u00fasqueda de Personas, donde se abordaron protocolos de actuaci\u00f3n, herramientas de prevenci\u00f3n y cultura de denuncia.<\/p>\n<p class=\"\" style=\"text-align: justify;\" data-start=\"539\" data-end=\"717\">\ud83d\udde3\ufe0f El alcalde Idelfonso Carro Rold\u00e1n lo dijo claro: <em data-start=\"592\" data-end=\"717\">\u00abEn Panotla trabajamos todos los d\u00edas por un municipio m\u00e1s seguro, y eso comienza con estar informados y actuar en equipo.\u201d<\/em><\/p>\n<p class=\"\" style=\"text-align: justify;\" data-start=\"719\" data-end=\"892\">Esta capacitaci\u00f3n es parte de una estrategia que suma a gobierno, escuelas y comunidad para proteger lo m\u00e1s valioso: <strong data-start=\"836\" data-end=\"890\">la vida y la integridad de ni\u00f1as, ni\u00f1os y j\u00f3venes.<\/strong><\/p>\n<p class=\"\" style=\"text-align: justify;\" data-start=\"894\" data-end=\"996\">\ud83d\udea8 Porque prevenir es actuar antes.<br data-start=\"929\" data-end=\"932\" \/>\ud83d\udcaa Porque en Panotla, <strong data-start=\"954\" data-end=\"996\">la seguridad se construye entre todos.<\/strong><\/p>\n<p class=\"\" style=\"text-align: justify;\" data-start=\"998\" data-end=\"1077\">#PanotlaSeguro #Prevenci\u00f3nQueSalva #B\u00fasquedaDePersonas #LaBestiaPol\u00edticaPanotla<\/p>\n<p style=\"text-align: justify;\">TALLER DE B\u00daSQUEDA DE PERSONAS FORTALECE LA PREVENCI\u00d3N EN ESCUELAS Y COMUNIDADES DE PANOTLA<\/p>\n<p style=\"text-align: justify;\">Con el firme compromiso de fortalecer la prevenci\u00f3n y la cultura de la denuncia, el Ayuntamiento de Panotla que encabeza el Presidente Municipal Idelfonso Carro Rold\u00e1n, en coordinaci\u00f3n con la Comisi\u00f3n Estatal de B\u00fasqueda de Personas, llev\u00f3 a cabo el Taller de B\u00fasqueda de Personas dirigido a instituciones educativas y presidentes de comunidad del municipio.<\/p>\n<p style=\"text-align: justify;\">El taller fue impartido por el titular de la Comisi\u00f3n de B\u00fasqueda de Personas, Sergio Hern\u00e1ndez C\u00f3rdova, acompa\u00f1ado del Lic. Alberto Oviedo, quienes abordaron temas fundamentales relacionados con los protocolos de b\u00fasqueda, actuaci\u00f3n inmediata y herramientas preventivas para evitar desapariciones.<\/p>\n<p style=\"text-align: justify;\">En su intervenci\u00f3n, Carro Rold\u00e1n destac\u00f3, la importancia de este Taller, como una forma de estar coordinados entre instituciones, gobierno y sociedad \u201cEn el Ayuntamiento nos interesa que todos estemos capacitados en el tema de prevenci\u00f3n ante cualquier situaci\u00f3n de emergencia que pueda suscitar entre nuestros ni\u00f1os y j\u00f3venes.<\/p>\n<p style=\"text-align: justify;\">Ante las y los Directivos resalt\u00f3: \u201cEn Panotla, trabajamos todos los d\u00edas en mantener un municipio seguro para todas y todos y este tema es de suma importancia para todos los presentes\u201d.<\/p>\n<p style=\"text-align: justify;\">En esta importante actividad participaron 31 escuelas del municipio, cuyos docentes y representantes se sumaron a este esfuerzo por salvaguardar la integridad de ni\u00f1as, ni\u00f1os y j\u00f3venes. Tambi\u00e9n asistieron los presidentes de comunidad, reforzando el trabajo conjunto entre sociedad y gobierno.<\/p>\n<p style=\"text-align: justify;\">Durante el evento tambi\u00e9n se cont\u00f3 con la presencia de los Presidentes de Comunidad, del Primer Regidor de Seguridad P\u00fablica, Ignacio Corona Torres, Rold\u00e1n, el Secretario del Ayuntamiento, Franklin Calva C\u00f3rdoba y el Director de Cultura, Educaci\u00f3n y Turismo Erik Minor Lima.<\/p>\n<p style=\"text-align: justify;\">Con estas acciones, el ayuntamiento de Panotla representa un paso m\u00e1s en la consolidaci\u00f3n de una red preventiva que involucra a escuelas, autoridades y sociedad civil, promoviendo un municipio m\u00e1s segura y solidaria.<\/p>\n<p style=\"text-align: justify;\" data-start=\"998\" data-end=\"1077\">\n","protected":false},"excerpt":{"rendered":"<p>Con el objetivo de fortalecer la prevenci\u00f3n y actuar con rapidez ante cualquier emergencia, el Ayuntamiento de Panotla realiz\u00f3 el Taller de B\u00fasqueda de Personas, dirigido a escuelas y autoridades comunitarias del municipio. \ud83d\udc65 M\u00e1s de 31 instituciones educativas y presidentes de comunidad participaron en esta jornada impartida por la Comisi\u00f3n Estatal de B\u00fasqueda de [&hellip;]<\/p>\n","protected":false},"author":3,"featured_media":40086,"comment_status":"open","ping_status":"open","sticky":false,"template":"","format":"standard","meta":{"footnotes":""},"categories":[12,216,237],"tags":[],"class_list":["post-40085","post","type-post","status-publish","format-standard","has-post-thumbnail","hentry","category-brujula-2026","category-municipios","category-panotla"],"amp_enabled":true,"_links":{"self":[{"href":"https:\/\/labestiapolitica.com.mx\/index.php?rest_route=\/wp\/v2\/posts\/40085","targetHints":{"allow":["GET"]}}],"collection":[{"href":"https:\/\/labestiapolitica.com.mx\/index.php?rest_route=\/wp\/v2\/posts"}],"about":[{"href":"https:\/\/labestiapolitica.com.mx\/index.php?rest_route=\/wp\/v2\/types\/post"}],"author":[{"embeddable":true,"href":"https:\/\/labestiapolitica.com.mx\/index.php?rest_route=\/wp\/v2\/users\/3"}],"replies":[{"embeddable":true,"href":"https:\/\/labestiapolitica.com.mx\/index.php?rest_route=%2Fwp%2Fv2%2Fcomments&post=40085"}],"version-history":[{"count":1,"href":"https:\/\/labestiapolitica.com.mx\/index.php?rest_route=\/wp\/v2\/posts\/40085\/revisions"}],"predecessor-version":[{"id":40087,"href":"https:\/\/labestiapolitica.com.mx\/index.php?rest_route=\/wp\/v2\/posts\/40085\/revisions\/40087"}],"wp:featuredmedia":[{"embeddable":true,"href":"https:\/\/labestiapolitica.com.mx\/index.php?rest_route=\/wp\/v2\/media\/40086"}],"wp:attachment":[{"href":"https:\/\/labestiapolitica.com.mx\/index.php?rest_route=%2Fwp%2Fv2%2Fmedia&parent=40085"}],"wp:term":[{"taxonomy":"category","embeddable":true,"href":"https:\/\/labestiapolitica.com.mx\/index.php?rest_route=%2Fwp%2Fv2%2Fcategories&post=40085"},{"taxonomy":"post_tag","embeddable":true,"href":"https:\/\/labestiapolitica.com.mx\/index.php?rest_route=%2Fwp%2Fv2%2Ftags&post=40085"}],"curies":[{"name":"wp","href":"https:\/\/api.w.org\/{rel}","templated":true}]}}