{"id":40089,"date":"2025-04-11T22:16:57","date_gmt":"2025-04-12T04:16:57","guid":{"rendered":"https:\/\/labestiapolitica.com.mx\/?p=40089"},"modified":"2025-04-13T20:52:16","modified_gmt":"2025-04-14T02:52:16","slug":"entrega-gobernadora-rehabilitacion-del-centro-ecoturistico-municipal-en-zacualpan-tlaxcala","status":"publish","type":"post","link":"https:\/\/labestiapolitica.com.mx\/?p=40089","title":{"rendered":"Entrega Gobernadora rehabilitaci\u00f3n del Centro Ecotur\u00edstico Municipal en Zacualpan Tlaxcala"},"content":{"rendered":"<p class=\"\" style=\"text-align: justify;\" data-start=\"335\" data-end=\"751\">Fabiola M\u00c1RQUEZ\/ Con visi\u00f3n de futuro y un firme compromiso por dignificar los espacios p\u00fablicos, la presidenta municipal de San Jer\u00f3nimo Zacualpan, <strong data-start=\"510\" data-end=\"535\">Sandra Corona Padilla<\/strong>, celebr\u00f3 junto a la gobernadora <strong data-start=\"568\" data-end=\"595\">Lorena Cu\u00e9llar Cisneros<\/strong> la entrega de la rehabilitaci\u00f3n del Centro Ecotur\u00edstico Municipal, obra que representa un nuevo impulso para el desarrollo social y tur\u00edstico de la regi\u00f3n.<\/p>\n<p class=\"\" style=\"text-align: justify;\" data-start=\"753\" data-end=\"1151\">Durante el evento, la alcaldesa agradeci\u00f3 p\u00fablicamente el respaldo constante de la mandataria estatal, a quien reconoci\u00f3 como una aliada estrat\u00e9gica para Zacualpan. \u201cGracias por atender este proyecto que el ayuntamiento ha impulsado como un espacio de transformaci\u00f3n social, donde converjan la naturaleza, el deporte, la cultura y la creatividad\u201d, expres\u00f3 Corona Padilla ante vecinos y autoridades.<\/p>\n<p class=\"\" style=\"text-align: justify;\" data-start=\"1153\" data-end=\"1484\">Por su parte, la gobernadora Lorena Cu\u00e9llar reafirm\u00f3 su compromiso con el desarrollo municipal, al destacar que <strong data-start=\"1265\" data-end=\"1339\">en Zacualpan se han invertido m\u00e1s de 30 millones de pesos en tres a\u00f1os<\/strong> en diversas obras de impacto, como pavimentaciones, rehabilitaci\u00f3n de la unidad b\u00e1sica de salud, y modernizaci\u00f3n de infraestructura comunitaria.<\/p>\n<p class=\"\" style=\"text-align: justify;\" data-start=\"1486\" data-end=\"1741\">Adem\u00e1s, anunci\u00f3 su disposici\u00f3n para gestionar recursos que permitan concretar una petici\u00f3n prioritaria de la alcaldesa: <strong data-start=\"1606\" data-end=\"1740\">la construcci\u00f3n de un complejo administrativo que albergar\u00e1 el C2 y dignificar\u00e1 las condiciones de trabajo de la polic\u00eda municipal<\/strong>.<\/p>\n<p class=\"\" style=\"text-align: justify;\" data-start=\"1743\" data-end=\"1974\">La obra entregada incluy\u00f3 la rehabilitaci\u00f3n integral de la alberca, sanitarios, canceler\u00eda, pintura, impermeabilizaci\u00f3n, colocaci\u00f3n de malla cicl\u00f3nica, sistema de filtrado y bombeo, con una inversi\u00f3n superior a un mill\u00f3n de pesos.<\/p>\n<p class=\"\" style=\"text-align: justify;\" data-start=\"1976\" data-end=\"2337\">El acto tambi\u00e9n cont\u00f3 con la participaci\u00f3n del diputado local <strong data-start=\"2038\" data-end=\"2057\">Bladimir Zainos<\/strong>, quien celebr\u00f3 el reconocimiento nacional que ha recibido la gobernadora por parte de l\u00edderes como Andr\u00e9s Manuel L\u00f3pez Obrador y Claudia Sheinbaum. \u201cQue la pongan como ejemplo a nivel nacional habla del trabajo que est\u00e1 haciendo y del orgullo que representa para Tlaxcala\u201d, dijo.<\/p>\n<p class=\"\" style=\"text-align: justify;\" data-start=\"2339\" data-end=\"2671\">Con este tipo de acciones, pobladores se\u00f1alaron que <strong data-start=\"2366\" data-end=\"2463\">Zacualpan se consolida como un referente en la gesti\u00f3n colaborativa entre niveles de gobierno<\/strong>, donde el liderazgo de una mujer como Sandra Corona Padilla y el respaldo decidido de la gobernadora Lorena Cu\u00e9llar demuestran que el progreso s\u00ed es posible cuando se gobierna con compromiso y visi\u00f3n social.<\/p>\n<p data-start=\"2339\" data-end=\"2671\"><img loading=\"lazy\" decoding=\"async\" class=\"alignnone size-full wp-image-40090\" src=\"https:\/\/labestiapolitica.com.mx\/wp-content\/uploads\/2025\/04\/ZACUALPAN4.jpg\" alt=\"\" width=\"1000\" height=\"600\" srcset=\"https:\/\/labestiapolitica.com.mx\/wp-content\/uploads\/2025\/04\/ZACUALPAN4.jpg 1000w, https:\/\/labestiapolitica.com.mx\/wp-content\/uploads\/2025\/04\/ZACUALPAN4-300x180.jpg 300w, https:\/\/labestiapolitica.com.mx\/wp-content\/uploads\/2025\/04\/ZACUALPAN4-768x461.jpg 768w\" sizes=\"auto, (max-width: 1000px) 100vw, 1000px\" \/> <img loading=\"lazy\" decoding=\"async\" class=\"alignnone size-full wp-image-40091\" src=\"https:\/\/labestiapolitica.com.mx\/wp-content\/uploads\/2025\/04\/ZACUALPAN3.jpg\" alt=\"\" width=\"1000\" height=\"600\" srcset=\"https:\/\/labestiapolitica.com.mx\/wp-content\/uploads\/2025\/04\/ZACUALPAN3.jpg 1000w, https:\/\/labestiapolitica.com.mx\/wp-content\/uploads\/2025\/04\/ZACUALPAN3-300x180.jpg 300w, https:\/\/labestiapolitica.com.mx\/wp-content\/uploads\/2025\/04\/ZACUALPAN3-768x461.jpg 768w\" sizes=\"auto, (max-width: 1000px) 100vw, 1000px\" \/> <img loading=\"lazy\" decoding=\"async\" class=\"alignnone size-full wp-image-40092\" src=\"https:\/\/labestiapolitica.com.mx\/wp-content\/uploads\/2025\/04\/ZACUALPAN2.jpg\" alt=\"\" width=\"1000\" height=\"600\" srcset=\"https:\/\/labestiapolitica.com.mx\/wp-content\/uploads\/2025\/04\/ZACUALPAN2.jpg 1000w, https:\/\/labestiapolitica.com.mx\/wp-content\/uploads\/2025\/04\/ZACUALPAN2-300x180.jpg 300w, https:\/\/labestiapolitica.com.mx\/wp-content\/uploads\/2025\/04\/ZACUALPAN2-768x461.jpg 768w\" sizes=\"auto, (max-width: 1000px) 100vw, 1000px\" \/> <img loading=\"lazy\" decoding=\"async\" class=\"alignnone size-full wp-image-40093\" src=\"https:\/\/labestiapolitica.com.mx\/wp-content\/uploads\/2025\/04\/ZACUALPAN-1-.jpg\" alt=\"\" width=\"1000\" height=\"600\" srcset=\"https:\/\/labestiapolitica.com.mx\/wp-content\/uploads\/2025\/04\/ZACUALPAN-1-.jpg 1000w, https:\/\/labestiapolitica.com.mx\/wp-content\/uploads\/2025\/04\/ZACUALPAN-1--300x180.jpg 300w, https:\/\/labestiapolitica.com.mx\/wp-content\/uploads\/2025\/04\/ZACUALPAN-1--768x461.jpg 768w\" sizes=\"auto, (max-width: 1000px) 100vw, 1000px\" \/><\/p>\n","protected":false},"excerpt":{"rendered":"<p>Fabiola M\u00c1RQUEZ\/ Con visi\u00f3n de futuro y un firme compromiso por dignificar los espacios p\u00fablicos, la presidenta municipal de San Jer\u00f3nimo Zacualpan, Sandra Corona Padilla, celebr\u00f3 junto a la gobernadora Lorena Cu\u00e9llar Cisneros la entrega de la rehabilitaci\u00f3n del Centro Ecotur\u00edstico Municipal, obra que representa un nuevo impulso para el desarrollo social y tur\u00edstico de [&hellip;]<\/p>\n","protected":false},"author":3,"featured_media":40093,"comment_status":"open","ping_status":"open","sticky":false,"template":"","format":"standard","meta":{"footnotes":""},"categories":[12,216],"tags":[],"class_list":["post-40089","post","type-post","status-publish","format-standard","has-post-thumbnail","hentry","category-brujula-2026","category-municipios"],"amp_enabled":true,"_links":{"self":[{"href":"https:\/\/labestiapolitica.com.mx\/index.php?rest_route=\/wp\/v2\/posts\/40089","targetHints":{"allow":["GET"]}}],"collection":[{"href":"https:\/\/labestiapolitica.com.mx\/index.php?rest_route=\/wp\/v2\/posts"}],"about":[{"href":"https:\/\/labestiapolitica.com.mx\/index.php?rest_route=\/wp\/v2\/types\/post"}],"author":[{"embeddable":true,"href":"https:\/\/labestiapolitica.com.mx\/index.php?rest_route=\/wp\/v2\/users\/3"}],"replies":[{"embeddable":true,"href":"https:\/\/labestiapolitica.com.mx\/index.php?rest_route=%2Fwp%2Fv2%2Fcomments&post=40089"}],"version-history":[{"count":1,"href":"https:\/\/labestiapolitica.com.mx\/index.php?rest_route=\/wp\/v2\/posts\/40089\/revisions"}],"predecessor-version":[{"id":40094,"href":"https:\/\/labestiapolitica.com.mx\/index.php?rest_route=\/wp\/v2\/posts\/40089\/revisions\/40094"}],"wp:featuredmedia":[{"embeddable":true,"href":"https:\/\/labestiapolitica.com.mx\/index.php?rest_route=\/wp\/v2\/media\/40093"}],"wp:attachment":[{"href":"https:\/\/labestiapolitica.com.mx\/index.php?rest_route=%2Fwp%2Fv2%2Fmedia&parent=40089"}],"wp:term":[{"taxonomy":"category","embeddable":true,"href":"https:\/\/labestiapolitica.com.mx\/index.php?rest_route=%2Fwp%2Fv2%2Fcategories&post=40089"},{"taxonomy":"post_tag","embeddable":true,"href":"https:\/\/labestiapolitica.com.mx\/index.php?rest_route=%2Fwp%2Fv2%2Ftags&post=40089"}],"curies":[{"name":"wp","href":"https:\/\/api.w.org\/{rel}","templated":true}]}}